{"id":183113,"date":"2021-05-27T18:08:51","date_gmt":"2021-05-27T21:08:51","guid":{"rendered":"https:\/\/diarioregionaldigital.com.br\/?p=183113"},"modified":"2021-05-27T18:08:51","modified_gmt":"2021-05-27T21:08:51","slug":"romeu-zema-participa-da-cerimonia-de-adesao-de-betim-ao-projeto-maos-dadas","status":"publish","type":"post","link":"https:\/\/diarioregionaldigital.com.br\/?p=183113","title":{"rendered":"Romeu Zema participa da cerim\u00f4nia de ades\u00e3o de Betim ao projeto M\u00e3os Dadas"},"content":{"rendered":"<p>O governador Romeu Zema participou, na tarde desta quarta-feira (26\/5), na Cidade Administrativa, da cerim\u00f4nia de assinatura de ades\u00e3o do munic\u00edpio de Betim ao projeto M\u00e3os Dadas. O programa \u00e9 uma iniciativa do\u00a0<a href=\"http:\/\/www.mg.gov.br\/\" target=\"_blank\" rel=\"noopener\">Governo de Minas<\/a>\u00a0que pretende, a partir do apoio e incentivo, que os munic\u00edpios mineiros ampliem a oferta dos anos iniciais do ensino fundamental nas unidades escolares. Em Betim, cerca de 3.500 alunos de 15 escolas estaduais devem passar para a gest\u00e3o municipal em 2022.<\/p>\n<p>\u201cUma s\u00e9rie de a\u00e7\u00f5es disciplinadas, bem executadas, a m\u00e9dio e longo prazo v\u00e3o gerar um impacto substancial. Queremos que Betim seja esta refer\u00eancia em escola municipalizada. Queremos que os resultados do Ideb (\u00cdndice de Desenvolvimento da Educa\u00e7\u00e3o B\u00e1sica) de Betim mostrem para todos os prefeitos de Minas que a cidade adotou e trilhou o melhor caminho\u201d, afirmou o governador Romeu Zema.<\/p>\n<p>Para a secret\u00e1ria de\u00a0<a title=\"Secretaria de Estado de Educa\u00e7\u00e3o (SEE)\" href=\"http:\/\/www.educacao.mg.gov.br\/\" target=\"_blank\" rel=\"noopener\">Educa\u00e7\u00e3o<\/a>, Julia Sant\u2019Anna, al\u00e9m de atender ao que prev\u00ea a Constitui\u00e7\u00e3o Federal e a Lei de Diretrizes e Bases da Educa\u00e7\u00e3o Nacional, Minas Gerais est\u00e1 dando mais um passo importante na consolida\u00e7\u00e3o da qualidade da educa\u00e7\u00e3o e no fortalecimento do regime de coopera\u00e7\u00e3o entre estado e munic\u00edpios no atendimento educacional.<\/p>\n<p>\u201cEstamos em um processo muito interessante de expans\u00e3o deste projeto M\u00e3os Dadas. Esta ades\u00e3o do munic\u00edpio de Betim \u00e9 muito representativa, porque ela aumenta em mais de 10% toda a matr\u00edcula que ser\u00e1 absorvida pelo munic\u00edpio. Este momento tamb\u00e9m nos traz a seguran\u00e7a e a certeza de que este projeto vai ser muito bem-sucedido\u201d, ressaltou a secret\u00e1ria, afirmando que o Governo do Estado vai apoiar tanto financeiramente quanto na forma\u00e7\u00e3o e reciclagem dos professores.<\/p>\n<p><strong>Avan\u00e7os<\/strong><\/p>\n<p>O prefeito de Betim, Vittorio Medioli, destacou que al\u00e9m dos investimentos na estrutura, a parceria entre o Governo do Estado e a prefeitura visa combater o analfabetismo funcional.<\/p>\n<p>\u201cEu quero agradecer todo o esfor\u00e7o que foi feito nas \u00faltimas semanas para se chegar neste entendimento, casando as necessidades tanto do Estado quanto do munic\u00edpio de melhorar a sua qualidade de ensino. N\u00f3s temos um verdadeiro combate ao analfabetismo funcional e a baixa qualidade de ensino, que em tempos modernos n\u00e3o se justificam mais\u201d, afirmou o prefeito.<\/p>\n<p>Ao aderir ao projeto, o munic\u00edpio receber\u00e1 do Estado recursos financeiros para execu\u00e7\u00e3o de obras no valor de R$ 69,6 milh\u00f5es. Com o recurso, Betim ir\u00e1 investir na constru\u00e7\u00e3o de oito novos pr\u00e9dios escolares de \u00e1rea de 5.000 m\u00b2, com salas de aula, salas de espa\u00e7o alternativo, banheiros, gin\u00e1sios, refeit\u00f3rio, dispensa, cozinha ampla, \u00e1rea de servi\u00e7o, secretaria, sala de professores, sala de diretoria, entre outros. Al\u00e9m de \u00e1rea externa ampla e arborizada para atendimento de alunos em tempo integral.<\/p>\n<p>A parceria tamb\u00e9m prev\u00ea a cess\u00e3o de servidores efetivos do quadro de pessoal do Estado, caso os profissionais tenham interesse. Al\u00e9m disso, o munic\u00edpio receber\u00e1 suporte da Secretaria de Estado de Educa\u00e7\u00e3o de Minas Gerais (SEE\/MG) durante a transi\u00e7\u00e3o dos alunos e tamb\u00e9m apoio pedag\u00f3gico. Ser\u00e3o disponibilizados materiais pedag\u00f3gicos, aux\u00edlio na an\u00e1lise dos resultados das avalia\u00e7\u00f5es e elabora\u00e7\u00e3o de estrat\u00e9gias, avalia\u00e7\u00e3o diagn\u00f3stica para os Anos Iniciais e suporte nas avalia\u00e7\u00f5es externas.<\/p>\n<p>Tamb\u00e9m participaram da cerim\u00f4nia a deputada estadual Laura Serrano, a secret\u00e1ria municipal de Educa\u00e7\u00e3o em Betim, Marilene Pimenta, o presidente da C\u00e2mara Municipal de Betim, Kleber Rezende, e demais autoridades.<\/p>\n<p><strong>M\u00e3os Dadas<\/strong><\/p>\n<p>Lan\u00e7ado em mar\u00e7o de 2021, o projeto M\u00e3os Dadas prev\u00ea o investimento de mais de R$ 500 milh\u00f5es, que podem ser destinados para a constru\u00e7\u00e3o de escolas, aquisi\u00e7\u00e3o de mobili\u00e1rios, execu\u00e7\u00e3o de obras e reformas, entre outros. A iniciativa traz benef\u00edcios m\u00fatuos para estado, prefeituras e para a melhoria da qualidade da educa\u00e7\u00e3o p\u00fablica ofertada aos estudantes mineiros. Ele possibilitar\u00e1 a aproxima\u00e7\u00e3o das decis\u00f5es pedag\u00f3gicas e administrativas do munic\u00edpio focadas nas verdadeiras necessidades dos alunos de anos iniciais, criando uma unidade pedag\u00f3gica no ciclo da inf\u00e2ncia.<\/p>\n<p>Al\u00e9m disso, com o aumento de matr\u00edculas do munic\u00edpio, consequentemente haver\u00e1 aumento do valor total a ser repassado pelo governo federal, j\u00e1 que o repasse \u00e9 proporcional ao n\u00famero de matr\u00edculas. Esses recursos ser\u00e3o cada vez maiores nos pr\u00f3ximos anos, a partir da implementa\u00e7\u00e3o do Novo Fundeb, que, em 2026, garantir\u00e1 o recurso de R$ 400 milh\u00f5es a mais por ano aos munic\u00edpios mineiros.<\/p>\n<p>Para o Estado, a iniciativa permitir\u00e1 a concentra\u00e7\u00e3o de esfor\u00e7os na implementa\u00e7\u00e3o do ensino m\u00e9dio, possibilitando a amplia\u00e7\u00e3o do diurno, expans\u00e3o do Ensino M\u00e9dio em Tempo Integral (EMTI) e educa\u00e7\u00e3o profissional.<\/p>\n<p><strong>Di\u00e1logo aberto<\/strong><\/p>\n<p>Desde que o projeto foi lan\u00e7ado, a SEE\/MG vem realizando conversas com as prefeituras mineiras para apresentar todos os pontos referentes ao M\u00e3os Dadas. Cerca de 400 munic\u00edpios participaram semin\u00e1rios virtuais. Ao todo, 283 prefeitos e 385 secret\u00e1rios municipais se reuniram com a secret\u00e1ria de Estado de Educa\u00e7\u00e3o Julia Sant\u2019Anna e com representantes da SEE\/MG e da Associa\u00e7\u00e3o Mineira de Munic\u00edpios (AMM).<\/p>\n<p>Ap\u00f3s as reuni\u00f5es virtuais, representantes das prefeituras tamb\u00e9m se reuniram com integrantes das Superintend\u00eancias Regionais de Ensino (SREs), onde a situa\u00e7\u00e3o espec\u00edfica de cada munic\u00edpio foi tratada.<br \/>\n<span style=\"font-weight: 400;\"><br \/>\n<\/span><span style=\"font-weight: 400;\"><br \/>\n<\/span><span style=\"font-weight: 400;\">Fonte: Ag\u00eancia Minas<\/span><\/p>\n","protected":false},"excerpt":{"rendered":"<p>O governador Romeu Zema participou, na tarde desta quarta-feira (26\/5), na Cidade Administrativa, da cerim\u00f4nia de assinatura de ades\u00e3o do munic\u00edpio de Betim ao projeto M\u00e3os Dadas. O programa \u00e9 uma iniciativa do\u00a0Governo de Minas\u00a0que pretende, a partir do apoio e incentivo, que os munic\u00edpios mineiros ampliem a oferta dos anos iniciais do ensino fundamental [&hellip;]<\/p>\n","protected":false},"author":246,"featured_media":183114,"comment_status":"closed","ping_status":"closed","sticky":false,"template":"","format":"standard","meta":{"footnotes":""},"categories":[436,254,439],"tags":[],"class_list":["post-183113","post","type-post","status-publish","format-standard","has-post-thumbnail","hentry","category-destaque-da-semana","category-politica","category-ultima-hora"],"_links":{"self":[{"href":"https:\/\/diarioregionaldigital.com.br\/index.php?rest_route=\/wp\/v2\/posts\/183113","targetHints":{"allow":["GET"]}}],"collection":[{"href":"https:\/\/diarioregionaldigital.com.br\/index.php?rest_route=\/wp\/v2\/posts"}],"about":[{"href":"https:\/\/diarioregionaldigital.com.br\/index.php?rest_route=\/wp\/v2\/types\/post"}],"author":[{"embeddable":true,"href":"https:\/\/diarioregionaldigital.com.br\/index.php?rest_route=\/wp\/v2\/users\/246"}],"replies":[{"embeddable":true,"href":"https:\/\/diarioregionaldigital.com.br\/index.php?rest_route=%2Fwp%2Fv2%2Fcomments&post=183113"}],"version-history":[{"count":1,"href":"https:\/\/diarioregionaldigital.com.br\/index.php?rest_route=\/wp\/v2\/posts\/183113\/revisions"}],"predecessor-version":[{"id":183115,"href":"https:\/\/diarioregionaldigital.com.br\/index.php?rest_route=\/wp\/v2\/posts\/183113\/revisions\/183115"}],"wp:featuredmedia":[{"embeddable":true,"href":"https:\/\/diarioregionaldigital.com.br\/index.php?rest_route=\/wp\/v2\/media\/183114"}],"wp:attachment":[{"href":"https:\/\/diarioregionaldigital.com.br\/index.php?rest_route=%2Fwp%2Fv2%2Fmedia&parent=183113"}],"wp:term":[{"taxonomy":"category","embeddable":true,"href":"https:\/\/diarioregionaldigital.com.br\/index.php?rest_route=%2Fwp%2Fv2%2Fcategories&post=183113"},{"taxonomy":"post_tag","embeddable":true,"href":"https:\/\/diarioregionaldigital.com.br\/index.php?rest_route=%2Fwp%2Fv2%2Ftags&post=183113"}],"curies":[{"name":"wp","href":"https:\/\/api.w.org\/{rel}","templated":true}]}}