{"id":183109,"date":"2021-05-27T18:04:50","date_gmt":"2021-05-27T21:04:50","guid":{"rendered":"https:\/\/diarioregionaldigital.com.br\/?p=183109"},"modified":"2021-05-27T19:06:45","modified_gmt":"2021-05-27T22:06:45","slug":"economia-surpreende-favoravelmente-no-1o-trimestre-diz-bc","status":"publish","type":"post","link":"https:\/\/diarioregionaldigital.com.br\/?p=183109","title":{"rendered":"Economia surpreende &#8220;favoravelmente&#8221; no 1\u00ba trimestre, diz BC"},"content":{"rendered":"<p>A atividade econ\u00f4mica no primeiro trimestre de 2021 surpreendeu \u201cfavoravelmente\u201d, com crescimento em quatro das cinco regi\u00f5es do pa\u00eds, disse hoje (27) o Banco Central (BC). Apenas a Regi\u00e3o Norte apresentou recuo na economia no per\u00edodo.<\/p>\n<p>A an\u00e1lise consta do Boletim Regional, publicado trimestralmente, e que traz a evolu\u00e7\u00e3o, por regi\u00e3o, de indicadores que repercutem as decis\u00f5es de pol\u00edtica monet\u00e1ria, como produ\u00e7\u00e3o, vendas, emprego, pre\u00e7os, com\u00e9rcio exterior, entre outros.<\/p>\n<p>Segundo o documento, o cen\u00e1rio econ\u00f4mico sinaliza uma resili\u00eancia do processo de recupera\u00e7\u00e3o da economia. O BC avalia que, no curto prazo, os est\u00edmulos monet\u00e1rios, como os novos pagamentos do aux\u00edlio emergencial que come\u00e7aram em abril e a chamada normaliza\u00e7\u00e3o da taxa Selic (atualmente em em 3,5% ao ano), em um patamar considerado baixo, apesar de estar em trajet\u00f3ria de alta, e a redu\u00e7\u00e3o do impacto da pandemia de covid-19 devem sustentar a retomada do crescimento.<\/p>\n<p>\u201cNo curto prazo, a manuten\u00e7\u00e3o dos est\u00edmulos monet\u00e1rios, mesmo com o processo de normaliza\u00e7\u00e3o parcial, o retorno dos est\u00edmulos governamentais e a redu\u00e7\u00e3o dos impactos da crise sanit\u00e1ria \u2013 inclusive em decorr\u00eancia da vacina\u00e7\u00e3o em curso \u2013 devem sustentar a retomada em \u00e2mbito nacional. A incerteza sobre o ritmo desse crescimento ainda permanece acima da usual, mas aos poucos deve retornar \u00e0 normalidade\u201d, diz o documento.<\/p>\n<p>De acordo com o BC, a economia no primeiro trimestre de 2021 teve uma evolu\u00e7\u00e3o maior do que a esperada, apesar da segunda onda da pandemia de covid-19 e do fim das medidas governamentais de combate aos impactos econ\u00f4micos da crise sanit\u00e1ria, como o aux\u00edlio emergencial. A an\u00e1lise tamb\u00e9m evidencia a import\u00e2ncia dos setores do agroneg\u00f3cio e da minera\u00e7\u00e3o para a sustenta\u00e7\u00e3o do crescimento regionalmente, em raz\u00e3o do patamar elevado das cota\u00e7\u00f5es dessas commodities.<\/p>\n<p><strong>Norte<br \/>\n<\/strong><br \/>\nEm linhas gerais, o boletim destaca que a atividade econ\u00f4mica no Norte foi negativamente afetada pela severidade da segunda onda da covid-19 e pela redu\u00e7\u00e3o dos aux\u00edlios governamentais, com retra\u00e7\u00e3o expressiva das vendas do com\u00e9rcio, da produ\u00e7\u00e3o da ind\u00fastria de transforma\u00e7\u00e3o, decorrente do desempenho no Amazonas, e dos servi\u00e7os \u00e0s fam\u00edlias. A regi\u00e3o teve um recuo de 0,9% na atividade econ\u00f4mica.<\/p>\n<p>\u201cO acirramento da crise sanit\u00e1ria e o fim do aux\u00edlio emergencial impactaram as vendas no com\u00e9rcio, interrompendo a recupera\u00e7\u00e3o que o setor vinha assinalando ao longo do segundo semestre. O volume de vendas do com\u00e9rcio ampliado recuou 12,2% no primeiro trimestre. \u00c0 exce\u00e7\u00e3o de Roraima (0,2%), todos os outros estados apresentaram retra\u00e7\u00e3o, com maior intensidade no Amazonas (-22,1%)\u201d, diz o boletim.<\/p>\n<p><strong>Nordeste<br \/>\n<\/strong><br \/>\nNo Nordeste, o crescimento de 0,7% da atividade esteve associado ao desempenho positivo da agricultura e da constru\u00e7\u00e3o. Esse crescimento compensou os efeitos econ\u00f4micos decorrentes do fim do aux\u00edlio emergencial e do recrudescimento da crise sanit\u00e1ria, que impactaram negativamente as vendas do com\u00e9rcio, os servi\u00e7os prestados \u00e0s fam\u00edlias e a produ\u00e7\u00e3o industrial.<\/p>\n<p>Na regi\u00e3o, a atividade industrial decresceu 5,3% no primeiro trimestre de 2021 com dados dessazonalizados. Com destaque para as quedas em fabrica\u00e7\u00e3o de ve\u00edculos automotores, reboques e carrocerias, em virtude do encerramento das atividades de uma montadora de grande porte na Bahia; bebidas e coque, produtos derivados do petr\u00f3leo e biocombust\u00edveis.<\/p>\n<p>Por outro lado, a perspectiva para o setor agr\u00edcola \u00e9 favor\u00e1vel. Em 2021, a produ\u00e7\u00e3o de gr\u00e3os no Nordeste dever\u00e1 atingir 23,5 milh\u00f5es de toneladas, com alta de 4,1% em rela\u00e7\u00e3o ao colhido no ano anterior, com destaque para soja e milho.<\/p>\n<p><strong>Centro-Oeste<br \/>\n<\/strong><br \/>\nJ\u00e1 no Centro-Oeste, a expans\u00e3o da atividade no primeiro trimestre, mesmo com o agravamento da pandemia, foi favorecida pelo in\u00edcio da colheita da soja. A Regi\u00e3o apresentou crescimento de 0,5%.<\/p>\n<p>A perspectiva de nova safra recorde da soja, aliada \u00e0s boas condi\u00e7\u00f5es de comercializa\u00e7\u00e3o tende a elevar a renda agr\u00edcola, sustentando investimentos do setor para o pr\u00f3ximo ciclo e repercutindo positivamente em outros segmentos.<\/p>\n<p>O boletim ressalta, entretanto, que o aumento dos casos da covid-19 atrasou o processo de recupera\u00e7\u00e3o dos servi\u00e7os \u00e0s fam\u00edlias, que permanecem em n\u00edveis deprimidos e registraram queda significativa em mar\u00e7o.<\/p>\n<p><strong>Sudeste<br \/>\n<\/strong><br \/>\nCom crescimento de 1%, os indicadores relacionados \u00e0 economia do Sudeste sugerem continuidade da recupera\u00e7\u00e3o no primeiro trimestre, por\u00e9m em ritmo mais moderado. Esse movimento foi influenciado, principalmente, pelos efeitos da dificuldade de acesso a insumos em alguns segmentos e do recrudescimento da pandemia.<\/p>\n<p>As atividades de transportes, repercutindo a produ\u00e7\u00e3o agr\u00edcola e minera\u00e7\u00e3o, a ind\u00fastria e a agricultura apresentaram melhor desempenho, enquanto com\u00e9rcio e servi\u00e7os \u00e0s fam\u00edlias recuaram.<\/p>\n<p><strong>Sul<br \/>\n<\/strong><br \/>\nA regi\u00e3o Sul apresentou a maior expans\u00e3o da atividade econ\u00f4mica dentre as regi\u00f5es do pa\u00eds no primeiro trimestre. A regi\u00e3o cresceu 2%, beneficiada pelo agroneg\u00f3cio. Esse crescimento favorece, indiretamente, os investimentos, em especial, em m\u00e1quinas e equipamentos.<\/p>\n<p>O boletim destaca que o processo de recupera\u00e7\u00e3o econ\u00f4mica na regi\u00e3o, apesar de incertezas acima do usual, deve prosseguir com o desempenho positivo do agroneg\u00f3cio e a esperada normaliza\u00e7\u00e3o das cadeias produtivas no setor industrial.<br \/>\n<span style=\"font-weight: 400;\"><br \/>\n<\/span><span style=\"font-weight: 400;\"><br \/>\n<\/span><span style=\"font-weight: 400;\">Fonte: Ag\u00eancia Brasil<\/span><\/p>\n","protected":false},"excerpt":{"rendered":"<p>A atividade econ\u00f4mica no primeiro trimestre de 2021 surpreendeu \u201cfavoravelmente\u201d, com crescimento em quatro das cinco regi\u00f5es do pa\u00eds, disse hoje (27) o Banco Central (BC). Apenas a Regi\u00e3o Norte apresentou recuo na economia no per\u00edodo. A an\u00e1lise consta do Boletim Regional, publicado trimestralmente, e que traz a evolu\u00e7\u00e3o, por regi\u00e3o, de indicadores que repercutem [&hellip;]<\/p>\n","protected":false},"author":246,"featured_media":183110,"comment_status":"closed","ping_status":"closed","sticky":false,"template":"","format":"standard","meta":{"footnotes":""},"categories":[436,440,261,439],"tags":[],"class_list":["post-183109","post","type-post","status-publish","format-standard","has-post-thumbnail","hentry","category-destaque-da-semana","category-destaques-do-dia","category-economia","category-ultima-hora"],"_links":{"self":[{"href":"https:\/\/diarioregionaldigital.com.br\/index.php?rest_route=\/wp\/v2\/posts\/183109","targetHints":{"allow":["GET"]}}],"collection":[{"href":"https:\/\/diarioregionaldigital.com.br\/index.php?rest_route=\/wp\/v2\/posts"}],"about":[{"href":"https:\/\/diarioregionaldigital.com.br\/index.php?rest_route=\/wp\/v2\/types\/post"}],"author":[{"embeddable":true,"href":"https:\/\/diarioregionaldigital.com.br\/index.php?rest_route=\/wp\/v2\/users\/246"}],"replies":[{"embeddable":true,"href":"https:\/\/diarioregionaldigital.com.br\/index.php?rest_route=%2Fwp%2Fv2%2Fcomments&post=183109"}],"version-history":[{"count":2,"href":"https:\/\/diarioregionaldigital.com.br\/index.php?rest_route=\/wp\/v2\/posts\/183109\/revisions"}],"predecessor-version":[{"id":183112,"href":"https:\/\/diarioregionaldigital.com.br\/index.php?rest_route=\/wp\/v2\/posts\/183109\/revisions\/183112"}],"wp:featuredmedia":[{"embeddable":true,"href":"https:\/\/diarioregionaldigital.com.br\/index.php?rest_route=\/wp\/v2\/media\/183110"}],"wp:attachment":[{"href":"https:\/\/diarioregionaldigital.com.br\/index.php?rest_route=%2Fwp%2Fv2%2Fmedia&parent=183109"}],"wp:term":[{"taxonomy":"category","embeddable":true,"href":"https:\/\/diarioregionaldigital.com.br\/index.php?rest_route=%2Fwp%2Fv2%2Fcategories&post=183109"},{"taxonomy":"post_tag","embeddable":true,"href":"https:\/\/diarioregionaldigital.com.br\/index.php?rest_route=%2Fwp%2Fv2%2Ftags&post=183109"}],"curies":[{"name":"wp","href":"https:\/\/api.w.org\/{rel}","templated":true}]}}