{"id":183093,"date":"2021-05-27T06:00:04","date_gmt":"2021-05-27T09:00:04","guid":{"rendered":"https:\/\/diarioregionaldigital.com.br\/?p=183093"},"modified":"2021-05-27T01:03:31","modified_gmt":"2021-05-27T04:03:31","slug":"holofotes","status":"publish","type":"post","link":"https:\/\/diarioregionaldigital.com.br\/?p=183093","title":{"rendered":"Holofotes"},"content":{"rendered":"<p style=\"text-align: center;\"><strong>Holofotes<\/strong><\/p>\n<p style=\"text-align: center;\">Donos do peda\u00e7o o ator Adelino Benedito e o cineasta Chester Marcone est\u00e3o \u00e0 todo vapor produzindo v\u00eddeos para o projeto \u201cConta de l\u00e1grimas \u2013 raiz, origem e tempo\u201d, com textos de autores e autoras negras. As filmagens acontecem no teatro Paschoal Carlos Magno e no espa\u00e7o OAndardeBaixo.<\/p>\n<p style=\"text-align: center;\"><strong>Em Debate<\/strong><\/p>\n<p style=\"text-align: center;\">A regulamenta\u00e7\u00e3o da Comic para o per\u00edodo 2021\/2024 causa surpresa entre conselheiros. Em reuni\u00e3o, a Funalfa sinaliza com a distribui\u00e7\u00e3o de R$ 2 milh\u00f5es para o setor em 2021, mas editais para distribui\u00e7\u00e3o ainda ser\u00e3o discutidos. A Funalfa alega que formular decretos \u00e9 atribui\u00e7\u00e3o da gest\u00e3o p\u00fablica e refor\u00e7a que Concult participar\u00e1 sobre editais.<\/p>\n<p style=\"text-align: center;\"><strong>Ele Merece<\/strong><\/p>\n<p style=\"text-align: center;\">Bicampe\u00e3o mundial e ol\u00edmpico de v\u00f4lei, o juiz-forano Giovane G\u00e1vio foi convidado para o Hall da Fama do V\u00f4lei, maior reconhecimento para atletas que contribu\u00edram significamente para o desenvolvimento do voleibol no pa\u00eds. Ele foi revelado aos 13 anos pelo Clube Bom Pastor. Aplausos.<\/p>\n<p style=\"text-align: center;\"><strong>Monumento<\/strong><\/p>\n<p style=\"text-align: center;\">O Cristo Redentor no Rio de Janeiro vai ganhar uma biografia. No dia 12 de outubro quando completa 90 anos. A obra ser\u00e1 publicada no segundo semestre pela Globo Livros com assinatura de Rodrigo Alvarez e vai contar as min\u00facias da hist\u00f3ria do monumento.<\/p>\n<div id=\"attachment_183027\" style=\"width: 690px\" class=\"wp-caption aligncenter\"><img loading=\"lazy\" decoding=\"async\" aria-describedby=\"caption-attachment-183027\" class=\"wp-image-183027\" src=\"https:\/\/diarioregionaldigital.com.br\/wp-content\/uploads\/2021\/05\/fotoa-13-e1622087894565.jpg\" alt=\"\" width=\"680\" height=\"506\" srcset=\"https:\/\/diarioregionaldigital.com.br\/wp-content\/uploads\/2021\/05\/fotoa-13-e1622087894565.jpg 876w, https:\/\/diarioregionaldigital.com.br\/wp-content\/uploads\/2021\/05\/fotoa-13-e1622087894565-300x223.jpg 300w, https:\/\/diarioregionaldigital.com.br\/wp-content\/uploads\/2021\/05\/fotoa-13-e1622087894565-768x572.jpg 768w, https:\/\/diarioregionaldigital.com.br\/wp-content\/uploads\/2021\/05\/fotoa-13-e1622087894565-360x268.jpg 360w\" sizes=\"auto, (max-width: 680px) 100vw, 680px\" \/><p id=\"caption-attachment-183027\" class=\"wp-caption-text\">Em sua penthouse no Grambery, Wanda Magnolo recebeu as amigas: Irene Barros, Elaine Quaresma, M\u00f4nica Gomide Guimar\u00e3es, Simone Moraes, Silvana Paiva Pinto e Florinha Carmo<\/p><\/div>\n<div id=\"attachment_183028\" style=\"width: 690px\" class=\"wp-caption aligncenter\"><img loading=\"lazy\" decoding=\"async\" aria-describedby=\"caption-attachment-183028\" class=\"wp-image-183028\" src=\"https:\/\/diarioregionaldigital.com.br\/wp-content\/uploads\/2021\/05\/fotob-15-e1622087925297.jpg\" alt=\"\" width=\"680\" height=\"489\" srcset=\"https:\/\/diarioregionaldigital.com.br\/wp-content\/uploads\/2021\/05\/fotob-15-e1622087925297.jpg 1128w, https:\/\/diarioregionaldigital.com.br\/wp-content\/uploads\/2021\/05\/fotob-15-e1622087925297-300x216.jpg 300w, https:\/\/diarioregionaldigital.com.br\/wp-content\/uploads\/2021\/05\/fotob-15-e1622087925297-1024x736.jpg 1024w, https:\/\/diarioregionaldigital.com.br\/wp-content\/uploads\/2021\/05\/fotob-15-e1622087925297-768x552.jpg 768w, https:\/\/diarioregionaldigital.com.br\/wp-content\/uploads\/2021\/05\/fotob-15-e1622087925297-360x259.jpg 360w\" sizes=\"auto, (max-width: 680px) 100vw, 680px\" \/><p id=\"caption-attachment-183028\" class=\"wp-caption-text\">Mulheres com estilo e eleg\u00e2ncia: Luciane Alves Liparini e Lidiane Stambassi<\/p><\/div>\n<div id=\"attachment_183029\" style=\"width: 690px\" class=\"wp-caption aligncenter\"><img loading=\"lazy\" decoding=\"async\" aria-describedby=\"caption-attachment-183029\" class=\"wp-image-183029\" src=\"https:\/\/diarioregionaldigital.com.br\/wp-content\/uploads\/2021\/05\/fotoc-16-e1622087946386.jpg\" alt=\"\" width=\"680\" height=\"491\" srcset=\"https:\/\/diarioregionaldigital.com.br\/wp-content\/uploads\/2021\/05\/fotoc-16-e1622087946386.jpg 506w, https:\/\/diarioregionaldigital.com.br\/wp-content\/uploads\/2021\/05\/fotoc-16-e1622087946386-300x216.jpg 300w, https:\/\/diarioregionaldigital.com.br\/wp-content\/uploads\/2021\/05\/fotoc-16-e1622087946386-360x260.jpg 360w\" sizes=\"auto, (max-width: 680px) 100vw, 680px\" \/><p id=\"caption-attachment-183029\" class=\"wp-caption-text\">Gente querida em foco, os irm\u00e3os Cl\u00e1udia Torga e William Torga<\/p><\/div>\n<div id=\"attachment_183030\" style=\"width: 690px\" class=\"wp-caption aligncenter\"><img loading=\"lazy\" decoding=\"async\" aria-describedby=\"caption-attachment-183030\" class=\"wp-image-183030\" src=\"https:\/\/diarioregionaldigital.com.br\/wp-content\/uploads\/2021\/05\/fotod-e1622087972756.jpeg\" alt=\"\" width=\"680\" height=\"490\" srcset=\"https:\/\/diarioregionaldigital.com.br\/wp-content\/uploads\/2021\/05\/fotod-e1622087972756.jpeg 563w, https:\/\/diarioregionaldigital.com.br\/wp-content\/uploads\/2021\/05\/fotod-e1622087972756-300x216.jpeg 300w, https:\/\/diarioregionaldigital.com.br\/wp-content\/uploads\/2021\/05\/fotod-e1622087972756-360x260.jpeg 360w\" sizes=\"auto, (max-width: 680px) 100vw, 680px\" \/><p id=\"caption-attachment-183030\" class=\"wp-caption-text\">Fazendo encontro musical reunindo talento Estev\u00e3o Teixeira e Marcos Niemayer<\/p><\/div>\n<div id=\"attachment_183031\" style=\"width: 690px\" class=\"wp-caption aligncenter\"><img loading=\"lazy\" decoding=\"async\" aria-describedby=\"caption-attachment-183031\" class=\"wp-image-183031\" src=\"https:\/\/diarioregionaldigital.com.br\/wp-content\/uploads\/2021\/05\/fotoe-15-e1622088019937.jpg\" alt=\"\" width=\"680\" height=\"491\" srcset=\"https:\/\/diarioregionaldigital.com.br\/wp-content\/uploads\/2021\/05\/fotoe-15-e1622088019937.jpg 435w, https:\/\/diarioregionaldigital.com.br\/wp-content\/uploads\/2021\/05\/fotoe-15-e1622088019937-300x217.jpg 300w, https:\/\/diarioregionaldigital.com.br\/wp-content\/uploads\/2021\/05\/fotoe-15-e1622088019937-360x260.jpg 360w\" sizes=\"auto, (max-width: 680px) 100vw, 680px\" \/><p id=\"caption-attachment-183031\" class=\"wp-caption-text\">Antes da pandemia no Muzik, Fabinho Esteves e Fernanda Berion<\/p><\/div>\n<div id=\"attachment_183032\" style=\"width: 690px\" class=\"wp-caption aligncenter\"><img loading=\"lazy\" decoding=\"async\" aria-describedby=\"caption-attachment-183032\" class=\"wp-image-183032\" src=\"https:\/\/diarioregionaldigital.com.br\/wp-content\/uploads\/2021\/05\/fotof-17-e1622088050411.jpg\" alt=\"\" width=\"680\" height=\"489\" srcset=\"https:\/\/diarioregionaldigital.com.br\/wp-content\/uploads\/2021\/05\/fotof-17-e1622088050411.jpg 1080w, https:\/\/diarioregionaldigital.com.br\/wp-content\/uploads\/2021\/05\/fotof-17-e1622088050411-300x216.jpg 300w, https:\/\/diarioregionaldigital.com.br\/wp-content\/uploads\/2021\/05\/fotof-17-e1622088050411-1024x736.jpg 1024w, https:\/\/diarioregionaldigital.com.br\/wp-content\/uploads\/2021\/05\/fotof-17-e1622088050411-768x552.jpg 768w, https:\/\/diarioregionaldigital.com.br\/wp-content\/uploads\/2021\/05\/fotof-17-e1622088050411-360x259.jpg 360w\" sizes=\"auto, (max-width: 680px) 100vw, 680px\" \/><p id=\"caption-attachment-183032\" class=\"wp-caption-text\">Gabi Gon\u00e7alves musa de sua marca \u201cMaria Buzina\u201d, em estilo sou bonita e gostosa<\/p><\/div>\n<div id=\"attachment_183033\" style=\"width: 690px\" class=\"wp-caption aligncenter\"><img loading=\"lazy\" decoding=\"async\" aria-describedby=\"caption-attachment-183033\" class=\"wp-image-183033\" src=\"https:\/\/diarioregionaldigital.com.br\/wp-content\/uploads\/2021\/05\/fotog-14-e1622088070497.jpg\" alt=\"\" width=\"680\" height=\"492\" srcset=\"https:\/\/diarioregionaldigital.com.br\/wp-content\/uploads\/2021\/05\/fotog-14-e1622088070497.jpg 478w, https:\/\/diarioregionaldigital.com.br\/wp-content\/uploads\/2021\/05\/fotog-14-e1622088070497-300x217.jpg 300w, https:\/\/diarioregionaldigital.com.br\/wp-content\/uploads\/2021\/05\/fotog-14-e1622088070497-360x261.jpg 360w\" sizes=\"auto, (max-width: 680px) 100vw, 680px\" \/><p id=\"caption-attachment-183033\" class=\"wp-caption-text\">O talentoso e competente m\u00e9dico cirurgi\u00e3o Bernardo Nalon Ribeiro, em destaque hoje nesta p\u00e1gina<\/p><\/div>\n<div id=\"attachment_183034\" style=\"width: 690px\" class=\"wp-caption aligncenter\"><img loading=\"lazy\" decoding=\"async\" aria-describedby=\"caption-attachment-183034\" class=\"wp-image-183034\" src=\"https:\/\/diarioregionaldigital.com.br\/wp-content\/uploads\/2021\/05\/fotoh-9-e1622088089136.jpg\" alt=\"\" width=\"680\" height=\"483\" srcset=\"https:\/\/diarioregionaldigital.com.br\/wp-content\/uploads\/2021\/05\/fotoh-9-e1622088089136.jpg 693w, https:\/\/diarioregionaldigital.com.br\/wp-content\/uploads\/2021\/05\/fotoh-9-e1622088089136-300x213.jpg 300w, https:\/\/diarioregionaldigital.com.br\/wp-content\/uploads\/2021\/05\/fotoh-9-e1622088089136-360x256.jpg 360w, https:\/\/diarioregionaldigital.com.br\/wp-content\/uploads\/2021\/05\/fotoh-9-e1622088089136-100x70.jpg 100w\" sizes=\"auto, (max-width: 680px) 100vw, 680px\" \/><p id=\"caption-attachment-183034\" class=\"wp-caption-text\">Em sua live, a deslumbrante \u00darsula Scavoline recebeu os amigos Mauro Lipp e Jorge J\u00fanior<\/p><\/div>\n<p style=\"text-align: center;\"><strong>FOTOSS\u00cdNTESE<\/strong><\/p>\n<p>Idealizador de projetos inovadores, o juiz-forano Eduardo L\u2019Hotellier fundador do GetMinas, inovou mais uma vez. Realizou sua primeira campanha de Marketing off-line colocando sua marca em dezenas de rel\u00f3gios de rua em S\u00e3o Paulo e no Rio de Janeiro.<\/p>\n<p>Foi uma sucesso mais uma edi\u00e7\u00e3o do Educa\u00e7\u00e3o Escoteira promovido pelo 12\u00ba Grupo Escoteiro Alvorada. O evento foi realizado em parceria com a Escola municipal Santa C\u00e2ndida. A proposta foi de compartilhar atividades que possam ser aplicadas na educa\u00e7\u00e3o b\u00e1sica. Por causa da pandemia o evento foi realizado no formato virtual.<\/p>\n<p>Em situa\u00e7\u00e3o favor\u00e1vel, a cl\u00ednica Gravital inaugura N\u00facleo de Medicina do Esporte, com atendimento on-line.<\/p>\n<p>Fazendo parte de um calend\u00e1rio sadio, o Supermercados Mundial realizou com estilo o \u201cFestival Cuidados Di\u00e1rios\u201d.<\/p>\n<p>Com coragem e disciplina, a psic\u00f3loga Vanessa Jaccoud criou a Associa\u00e7\u00e3o Tranquilamente para transg\u00eaneros.<\/p>\n<p>Causou impacto no Instagram a fala de Julian Tonioli sobre \u201cComo endere\u00e7ar volume e qualidade de venda atrav\u00e9s da remunera\u00e7\u00e3o vari\u00e1vel\u201d.<\/p>\n<p>Adriana Gamelas estreia na literatura voltada para o p\u00fablico infantil com tr\u00eas livros aprovados em leis do Incentivo. Dentro eles \u201cO Vilarejo\u201d, \u201cA menina com cheiro de alecrim\u201d e \u201cPergunte ao vento\u201d.<\/p>\n<p>Acorda Allyce: Arrependimento que n\u00e3o gera mudan\u00e7a, n\u00e3o \u00e9 arrependimento \u00e9 um rico teatro. Bom dia.<\/p>\n<p><img loading=\"lazy\" decoding=\"async\" class=\"aligncenter size-full wp-image-183090\" src=\"https:\/\/diarioregionaldigital.com.br\/wp-content\/uploads\/2021\/05\/anuncio30-scaled.jpg\" alt=\"\" width=\"2560\" height=\"924\" srcset=\"https:\/\/diarioregionaldigital.com.br\/wp-content\/uploads\/2021\/05\/anuncio30-scaled.jpg 2560w, https:\/\/diarioregionaldigital.com.br\/wp-content\/uploads\/2021\/05\/anuncio30-300x108.jpg 300w, https:\/\/diarioregionaldigital.com.br\/wp-content\/uploads\/2021\/05\/anuncio30-1024x370.jpg 1024w, https:\/\/diarioregionaldigital.com.br\/wp-content\/uploads\/2021\/05\/anuncio30-768x277.jpg 768w, https:\/\/diarioregionaldigital.com.br\/wp-content\/uploads\/2021\/05\/anuncio30-1536x554.jpg 1536w, https:\/\/diarioregionaldigital.com.br\/wp-content\/uploads\/2021\/05\/anuncio30-2048x739.jpg 2048w, https:\/\/diarioregionaldigital.com.br\/wp-content\/uploads\/2021\/05\/anuncio30-360x130.jpg 360w\" sizes=\"auto, (max-width: 2560px) 100vw, 2560px\" \/><\/p>\n","protected":false},"excerpt":{"rendered":"<p>Holofotes Donos do peda\u00e7o o ator Adelino Benedito e o cineasta Chester Marcone est\u00e3o \u00e0 todo vapor produzindo v\u00eddeos para o projeto \u201cConta de l\u00e1grimas \u2013 raiz, origem e tempo\u201d, com textos de autores e autoras negras. As filmagens acontecem no teatro Paschoal Carlos Magno e no espa\u00e7o OAndardeBaixo. Em Debate A regulamenta\u00e7\u00e3o da Comic [&hellip;]<\/p>\n","protected":false},"author":253,"featured_media":183027,"comment_status":"closed","ping_status":"closed","sticky":false,"template":"","format":"standard","meta":{"footnotes":""},"categories":[264],"tags":[],"class_list":["post-183093","post","type-post","status-publish","format-standard","has-post-thumbnail","hentry","category-eduardo-gomes"],"_links":{"self":[{"href":"https:\/\/diarioregionaldigital.com.br\/index.php?rest_route=\/wp\/v2\/posts\/183093","targetHints":{"allow":["GET"]}}],"collection":[{"href":"https:\/\/diarioregionaldigital.com.br\/index.php?rest_route=\/wp\/v2\/posts"}],"about":[{"href":"https:\/\/diarioregionaldigital.com.br\/index.php?rest_route=\/wp\/v2\/types\/post"}],"author":[{"embeddable":true,"href":"https:\/\/diarioregionaldigital.com.br\/index.php?rest_route=\/wp\/v2\/users\/253"}],"replies":[{"embeddable":true,"href":"https:\/\/diarioregionaldigital.com.br\/index.php?rest_route=%2Fwp%2Fv2%2Fcomments&post=183093"}],"version-history":[{"count":1,"href":"https:\/\/diarioregionaldigital.com.br\/index.php?rest_route=\/wp\/v2\/posts\/183093\/revisions"}],"predecessor-version":[{"id":183094,"href":"https:\/\/diarioregionaldigital.com.br\/index.php?rest_route=\/wp\/v2\/posts\/183093\/revisions\/183094"}],"wp:featuredmedia":[{"embeddable":true,"href":"https:\/\/diarioregionaldigital.com.br\/index.php?rest_route=\/wp\/v2\/media\/183027"}],"wp:attachment":[{"href":"https:\/\/diarioregionaldigital.com.br\/index.php?rest_route=%2Fwp%2Fv2%2Fmedia&parent=183093"}],"wp:term":[{"taxonomy":"category","embeddable":true,"href":"https:\/\/diarioregionaldigital.com.br\/index.php?rest_route=%2Fwp%2Fv2%2Fcategories&post=183093"},{"taxonomy":"post_tag","embeddable":true,"href":"https:\/\/diarioregionaldigital.com.br\/index.php?rest_route=%2Fwp%2Fv2%2Ftags&post=183093"}],"curies":[{"name":"wp","href":"https:\/\/api.w.org\/{rel}","templated":true}]}}