{"id":183083,"date":"2021-05-26T22:24:12","date_gmt":"2021-05-27T01:24:12","guid":{"rendered":"https:\/\/diarioregionaldigital.com.br\/?p=183083"},"modified":"2021-05-26T22:24:12","modified_gmt":"2021-05-27T01:24:12","slug":"policia-militar-prende-autor-e-recupera-todo-material-de-roubo-ocorrido-em-uma-loja-na-regiao-central-da-cidade","status":"publish","type":"post","link":"https:\/\/diarioregionaldigital.com.br\/?p=183083","title":{"rendered":"Pol\u00edcia Militar prende autor e recupera todo material de roubo ocorrido em uma loja na regi\u00e3o central da cidade"},"content":{"rendered":"<p>Na tarde de ter\u00e7a-feira, 25Mai21 por volta das 15h59min a Pol\u00edcia Militar foi acionada via COPOM a comparecer na Avenida Bar\u00e3o do Rio Branco, pr\u00f3ximo ao no 1768, na regi\u00e3o central da cidade, para atendimento a duas v\u00edtimas de roubo em uma loja que presta servi\u00e7os de manuten\u00e7\u00e3o de telefones celulares. Segundo relatos do propriet\u00e1rio, um homem de 32 anos, um suspeito entrou no local armado com uma arma, anunciou o roubo e roubou 04 telefones celulares e R$ 56,00 em dinheiro. Durante rastreamento, de posse de informa\u00e7\u00f5es repassadas por populares e a\u00e7\u00e3o integrada ao sistema de seguran\u00e7a Olho Vivo, o suspeito foi abordado no ponto de t\u00e1xi do Parque Halfeld, tendo sido todo material roubado recuperado e um simulacro de pistola apreendido. O autor de 25 anos foi preso em flagrante delito e conduzido \u00e0 Delegacia.<\/p>\n","protected":false},"excerpt":{"rendered":"<p>Na tarde de ter\u00e7a-feira, 25Mai21 por volta das 15h59min a Pol\u00edcia Militar foi acionada via COPOM a comparecer na Avenida Bar\u00e3o do Rio Branco, pr\u00f3ximo ao no 1768, na regi\u00e3o central da cidade, para atendimento a duas v\u00edtimas de roubo em uma loja que presta servi\u00e7os de manuten\u00e7\u00e3o de telefones celulares. Segundo relatos do propriet\u00e1rio, [&hellip;]<\/p>\n","protected":false},"author":246,"featured_media":183084,"comment_status":"closed","ping_status":"closed","sticky":false,"template":"","format":"standard","meta":{"footnotes":""},"categories":[301,1229,439],"tags":[],"class_list":["post-183083","post","type-post","status-publish","format-standard","has-post-thumbnail","hentry","category-artigos-policiais","category-policial","category-ultima-hora"],"_links":{"self":[{"href":"https:\/\/diarioregionaldigital.com.br\/index.php?rest_route=\/wp\/v2\/posts\/183083","targetHints":{"allow":["GET"]}}],"collection":[{"href":"https:\/\/diarioregionaldigital.com.br\/index.php?rest_route=\/wp\/v2\/posts"}],"about":[{"href":"https:\/\/diarioregionaldigital.com.br\/index.php?rest_route=\/wp\/v2\/types\/post"}],"author":[{"embeddable":true,"href":"https:\/\/diarioregionaldigital.com.br\/index.php?rest_route=\/wp\/v2\/users\/246"}],"replies":[{"embeddable":true,"href":"https:\/\/diarioregionaldigital.com.br\/index.php?rest_route=%2Fwp%2Fv2%2Fcomments&post=183083"}],"version-history":[{"count":2,"href":"https:\/\/diarioregionaldigital.com.br\/index.php?rest_route=\/wp\/v2\/posts\/183083\/revisions"}],"predecessor-version":[{"id":183086,"href":"https:\/\/diarioregionaldigital.com.br\/index.php?rest_route=\/wp\/v2\/posts\/183083\/revisions\/183086"}],"wp:featuredmedia":[{"embeddable":true,"href":"https:\/\/diarioregionaldigital.com.br\/index.php?rest_route=\/wp\/v2\/media\/183084"}],"wp:attachment":[{"href":"https:\/\/diarioregionaldigital.com.br\/index.php?rest_route=%2Fwp%2Fv2%2Fmedia&parent=183083"}],"wp:term":[{"taxonomy":"category","embeddable":true,"href":"https:\/\/diarioregionaldigital.com.br\/index.php?rest_route=%2Fwp%2Fv2%2Fcategories&post=183083"},{"taxonomy":"post_tag","embeddable":true,"href":"https:\/\/diarioregionaldigital.com.br\/index.php?rest_route=%2Fwp%2Fv2%2Ftags&post=183083"}],"curies":[{"name":"wp","href":"https:\/\/api.w.org\/{rel}","templated":true}]}}