{"id":183069,"date":"2021-05-26T20:21:13","date_gmt":"2021-05-26T23:21:13","guid":{"rendered":"https:\/\/diarioregionaldigital.com.br\/?p=183069"},"modified":"2021-05-26T20:21:13","modified_gmt":"2021-05-26T23:21:13","slug":"juiz-de-fora-ja-imunizou-mais-de-2-mil-profissionais-da-seguranca-contra-a-covid-19","status":"publish","type":"post","link":"https:\/\/diarioregionaldigital.com.br\/?p=183069","title":{"rendered":"Juiz de Fora j\u00e1 imunizou mais de 2 mil profissionais da seguran\u00e7a contra a Covid-19"},"content":{"rendered":"<p>Juiz de Fora, j\u00e1 aplicou 2.325 doses contra a Covid-19 nos profissionais das for\u00e7as de seguran\u00e7a e salvamento. Na \u00faltima semana, foi dada nova condu\u00e7\u00e3o aos trabalhos de modo a disponibilizar o imunizante, de forma mais r\u00e1pida, a todos os integrantes indicados em lista pelos comandos de cada corpora\u00e7\u00e3o. Uma for\u00e7a tarefa foi montada para levar a vacina ao p\u00fablico alvo, no Restaurante Universit\u00e1rio, nos dias 21 e 24, concluindo esta etapa em conformidade com os crit\u00e9rios estabelecidos pelo Minist\u00e9rio da Sa\u00fade.<\/p>\n<p>De acordo com informa\u00e7\u00f5es do site da Prefeitura de Juiz de Fora, haver\u00e1 uma segunda chamada, em data a ser definida pela Prefeitura, para as pessoas que, embora tivessem o nome em lista, por algum motivo deixaram de comparecer \u00e0 vacina\u00e7\u00e3o. Para ser imunizado, o agente de seguran\u00e7a tinha atender a um dos seguintes requisitos: estar envolvido no atendimento e\/ou transporte de pacientes, trabalhar em resgates e atendimento pr\u00e9-hospitalar, atuar diretamente nas a\u00e7\u00f5es de vacina\u00e7\u00e3o contra a Covid-19 ou nas a\u00e7\u00f5es de implanta\u00e7\u00e3o e monitoramento das medidas de distanciamento social, com contato direto com o p\u00fablico, independente da categoria.<\/p>\n","protected":false},"excerpt":{"rendered":"<p>Juiz de Fora, j\u00e1 aplicou 2.325 doses contra a Covid-19 nos profissionais das for\u00e7as de seguran\u00e7a e salvamento. Na \u00faltima semana, foi dada nova condu\u00e7\u00e3o aos trabalhos de modo a disponibilizar o imunizante, de forma mais r\u00e1pida, a todos os integrantes indicados em lista pelos comandos de cada corpora\u00e7\u00e3o. Uma for\u00e7a tarefa foi montada para [&hellip;]<\/p>\n","protected":false},"author":246,"featured_media":183077,"comment_status":"closed","ping_status":"closed","sticky":false,"template":"","format":"standard","meta":{"footnotes":""},"categories":[253,439],"tags":[],"class_list":["post-183069","post","type-post","status-publish","format-standard","has-post-thumbnail","hentry","category-cidade","category-ultima-hora"],"_links":{"self":[{"href":"https:\/\/diarioregionaldigital.com.br\/index.php?rest_route=\/wp\/v2\/posts\/183069","targetHints":{"allow":["GET"]}}],"collection":[{"href":"https:\/\/diarioregionaldigital.com.br\/index.php?rest_route=\/wp\/v2\/posts"}],"about":[{"href":"https:\/\/diarioregionaldigital.com.br\/index.php?rest_route=\/wp\/v2\/types\/post"}],"author":[{"embeddable":true,"href":"https:\/\/diarioregionaldigital.com.br\/index.php?rest_route=\/wp\/v2\/users\/246"}],"replies":[{"embeddable":true,"href":"https:\/\/diarioregionaldigital.com.br\/index.php?rest_route=%2Fwp%2Fv2%2Fcomments&post=183069"}],"version-history":[{"count":1,"href":"https:\/\/diarioregionaldigital.com.br\/index.php?rest_route=\/wp\/v2\/posts\/183069\/revisions"}],"predecessor-version":[{"id":183078,"href":"https:\/\/diarioregionaldigital.com.br\/index.php?rest_route=\/wp\/v2\/posts\/183069\/revisions\/183078"}],"wp:featuredmedia":[{"embeddable":true,"href":"https:\/\/diarioregionaldigital.com.br\/index.php?rest_route=\/wp\/v2\/media\/183077"}],"wp:attachment":[{"href":"https:\/\/diarioregionaldigital.com.br\/index.php?rest_route=%2Fwp%2Fv2%2Fmedia&parent=183069"}],"wp:term":[{"taxonomy":"category","embeddable":true,"href":"https:\/\/diarioregionaldigital.com.br\/index.php?rest_route=%2Fwp%2Fv2%2Fcategories&post=183069"},{"taxonomy":"post_tag","embeddable":true,"href":"https:\/\/diarioregionaldigital.com.br\/index.php?rest_route=%2Fwp%2Fv2%2Ftags&post=183069"}],"curies":[{"name":"wp","href":"https:\/\/api.w.org\/{rel}","templated":true}]}}