{"id":183063,"date":"2021-05-26T20:09:20","date_gmt":"2021-05-26T23:09:20","guid":{"rendered":"https:\/\/diarioregionaldigital.com.br\/?p=183063"},"modified":"2021-05-26T20:09:20","modified_gmt":"2021-05-26T23:09:20","slug":"parceria-entre-comerciantes-e-pjf-e-firmada-para-ampliar-a-operacao-boniteza-no-centro-da-cidade","status":"publish","type":"post","link":"https:\/\/diarioregionaldigital.com.br\/?p=183063","title":{"rendered":"Parceria entre Comerciantes e PJF \u00e9 firmada para ampliar a opera\u00e7\u00e3o Boniteza no centro da cidade"},"content":{"rendered":"<p>A Prefeitura de Juiz de Fora recebeu, nesta ter\u00e7a-feira, 25, representantes da Associa\u00e7\u00e3o Comercial e Empresarial, da C\u00e2mara de Dirigentes Lojistas e do Sindicato do Com\u00e9rcio com o objetivo de discutir a\u00e7\u00f5es de melhorias no centro da cidade, com foco inicial em ampliar a limpeza urbana promovida pela Opera\u00e7\u00e3o Boniteza na regi\u00e3o.<\/p>\n<p>Segundo informa\u00e7\u00f5es do site da Prefeitura de Juiz de Fora, durante o encontro, os comerciantes concordaram em adquirir cerca de 20 containers para despejo de lixo. Os equipamentos ser\u00e3o instalados estrategicamente nas ruas do Centro. O presidente da Associa\u00e7\u00e3o Comercial e Empresarial de Juiz de Fora, Alo\u00edsio Vasconcelos, ressaltou que al\u00e9m de auxiliar na limpeza, a iniciativa \u00e9 uma forma de conscientizar a popula\u00e7\u00e3o sobre a import\u00e2ncia de cada um fazer a sua parte para manter a cidade limpa.<\/p>\n<p>A Opera\u00e7\u00e3o Boniteza \u00e9 o choque de zeladoria promovido pela atual administra\u00e7\u00e3o e \u00e9 coordenada pela secret\u00e1ria de governo, Cidinha Louzada. &#8220;Nesse primeiro momento, precisamos minimizar o problema dos lixos jogados na rua&#8221;, explica Cidinha. O presidente da Associa\u00e7\u00e3o Comercial e Empresarial de Juiz de Fora, Alo\u00edsio Vasconcelos, ressaltou que al\u00e9m de auxiliar na limpeza, a iniciativa \u00e9 uma forma de conscientizar a popula\u00e7\u00e3o sobre a import\u00e2ncia de cada um fazer a sua parte para manter a cidade limpa.<\/p>\n","protected":false},"excerpt":{"rendered":"<p>A Prefeitura de Juiz de Fora recebeu, nesta ter\u00e7a-feira, 25, representantes da Associa\u00e7\u00e3o Comercial e Empresarial, da C\u00e2mara de Dirigentes Lojistas e do Sindicato do Com\u00e9rcio com o objetivo de discutir a\u00e7\u00f5es de melhorias no centro da cidade, com foco inicial em ampliar a limpeza urbana promovida pela Opera\u00e7\u00e3o Boniteza na regi\u00e3o. Segundo informa\u00e7\u00f5es do [&hellip;]<\/p>\n","protected":false},"author":246,"featured_media":183064,"comment_status":"closed","ping_status":"closed","sticky":false,"template":"","format":"standard","meta":{"footnotes":""},"categories":[253,439],"tags":[],"class_list":["post-183063","post","type-post","status-publish","format-standard","has-post-thumbnail","hentry","category-cidade","category-ultima-hora"],"_links":{"self":[{"href":"https:\/\/diarioregionaldigital.com.br\/index.php?rest_route=\/wp\/v2\/posts\/183063","targetHints":{"allow":["GET"]}}],"collection":[{"href":"https:\/\/diarioregionaldigital.com.br\/index.php?rest_route=\/wp\/v2\/posts"}],"about":[{"href":"https:\/\/diarioregionaldigital.com.br\/index.php?rest_route=\/wp\/v2\/types\/post"}],"author":[{"embeddable":true,"href":"https:\/\/diarioregionaldigital.com.br\/index.php?rest_route=\/wp\/v2\/users\/246"}],"replies":[{"embeddable":true,"href":"https:\/\/diarioregionaldigital.com.br\/index.php?rest_route=%2Fwp%2Fv2%2Fcomments&post=183063"}],"version-history":[{"count":1,"href":"https:\/\/diarioregionaldigital.com.br\/index.php?rest_route=\/wp\/v2\/posts\/183063\/revisions"}],"predecessor-version":[{"id":183065,"href":"https:\/\/diarioregionaldigital.com.br\/index.php?rest_route=\/wp\/v2\/posts\/183063\/revisions\/183065"}],"wp:featuredmedia":[{"embeddable":true,"href":"https:\/\/diarioregionaldigital.com.br\/index.php?rest_route=\/wp\/v2\/media\/183064"}],"wp:attachment":[{"href":"https:\/\/diarioregionaldigital.com.br\/index.php?rest_route=%2Fwp%2Fv2%2Fmedia&parent=183063"}],"wp:term":[{"taxonomy":"category","embeddable":true,"href":"https:\/\/diarioregionaldigital.com.br\/index.php?rest_route=%2Fwp%2Fv2%2Fcategories&post=183063"},{"taxonomy":"post_tag","embeddable":true,"href":"https:\/\/diarioregionaldigital.com.br\/index.php?rest_route=%2Fwp%2Fv2%2Ftags&post=183063"}],"curies":[{"name":"wp","href":"https:\/\/api.w.org\/{rel}","templated":true}]}}