{"id":183048,"date":"2021-05-26T19:35:04","date_gmt":"2021-05-26T22:35:04","guid":{"rendered":"https:\/\/diarioregionaldigital.com.br\/?p=183048"},"modified":"2021-05-26T19:35:04","modified_gmt":"2021-05-26T22:35:04","slug":"selecao-brasileira-de-atletismo-e-convocada-para-o-sul-americano-do-equador","status":"publish","type":"post","link":"https:\/\/diarioregionaldigital.com.br\/?p=183048","title":{"rendered":"Sele\u00e7\u00e3o Brasileira de atletismo \u00e9 convocada para o Sul-Americano do Equador"},"content":{"rendered":"<p>A Confedera\u00e7\u00e3o Brasileira de Atletismo (CBAt) convocou 79 atletas \u2013 39 homens e 40 mulheres \u2013 para representar o Pa\u00eds no 52\u00ba Campeonato Sul Americano de Atletismo Adulto, que ser\u00e1 de 29 a 31 deste m\u00eas, na cidade de Guayaquil, no Equador.<\/p>\n<p>Inicialmente, a competi\u00e7\u00e3o seria em Buenos Aires, mas a Argentina, em fun\u00e7\u00e3o do agravamento da pandemia, desistiu de organizar o evento. Todos os atletas far\u00e3o testes de COVID-19 antes do embarque.<\/p>\n<p>O Brasil vai com uma equipe forte em busca de manter a longa hegemonia no torneio. A sele\u00e7\u00e3o masculina tem 32 vit\u00f3rias em 51 edi\u00e7\u00f5es, tendo conquistado a 24\u00aa consecutiva em Lima, no Peru, em 2019. No feminino, foram 40 competi\u00e7\u00f5es na hist\u00f3ria, sendo que as brasileiras ganharam tamb\u00e9m 32 &#8211; a 25\u00aa consecutiva em Lima.<\/p>\n<p>O Sul-Americano de 2021 \u00e9 especialmente importante porque, como evento de \u00e1rea, distribui pontua\u00e7\u00e3o expressiva e pode ajudar os atletas que buscam vaga nos Jogos Ol\u00edmpicos de T\u00f3quio pelo Ranking de Pontos da World Athletics. Al\u00e9m disso, os campe\u00f5es continentais asseguram vaga para disputar o Campeonato Mundial de Oregon, na cidade norte-americana de Eugene, em 2022.<\/p>\n<p>A delega\u00e7\u00e3o viaja na quinta-feira (27.05), partindo do Aeroporto de Viracopos, em Campinas (SP), para Guayaquil, com escala em Manaus (AM).<\/p>\n<p>Fonte: Confedera\u00e7\u00e3o Brasileira de Atletismo<\/p>\n","protected":false},"excerpt":{"rendered":"<p>A Confedera\u00e7\u00e3o Brasileira de Atletismo (CBAt) convocou 79 atletas \u2013 39 homens e 40 mulheres \u2013 para representar o Pa\u00eds no 52\u00ba Campeonato Sul Americano de Atletismo Adulto, que ser\u00e1 de 29 a 31 deste m\u00eas, na cidade de Guayaquil, no Equador. Inicialmente, a competi\u00e7\u00e3o seria em Buenos Aires, mas a Argentina, em fun\u00e7\u00e3o do [&hellip;]<\/p>\n","protected":false},"author":246,"featured_media":183049,"comment_status":"closed","ping_status":"closed","sticky":false,"template":"","format":"standard","meta":{"footnotes":""},"categories":[436,257,439],"tags":[],"class_list":["post-183048","post","type-post","status-publish","format-standard","has-post-thumbnail","hentry","category-destaque-da-semana","category-esporte","category-ultima-hora"],"_links":{"self":[{"href":"https:\/\/diarioregionaldigital.com.br\/index.php?rest_route=\/wp\/v2\/posts\/183048","targetHints":{"allow":["GET"]}}],"collection":[{"href":"https:\/\/diarioregionaldigital.com.br\/index.php?rest_route=\/wp\/v2\/posts"}],"about":[{"href":"https:\/\/diarioregionaldigital.com.br\/index.php?rest_route=\/wp\/v2\/types\/post"}],"author":[{"embeddable":true,"href":"https:\/\/diarioregionaldigital.com.br\/index.php?rest_route=\/wp\/v2\/users\/246"}],"replies":[{"embeddable":true,"href":"https:\/\/diarioregionaldigital.com.br\/index.php?rest_route=%2Fwp%2Fv2%2Fcomments&post=183048"}],"version-history":[{"count":1,"href":"https:\/\/diarioregionaldigital.com.br\/index.php?rest_route=\/wp\/v2\/posts\/183048\/revisions"}],"predecessor-version":[{"id":183050,"href":"https:\/\/diarioregionaldigital.com.br\/index.php?rest_route=\/wp\/v2\/posts\/183048\/revisions\/183050"}],"wp:featuredmedia":[{"embeddable":true,"href":"https:\/\/diarioregionaldigital.com.br\/index.php?rest_route=\/wp\/v2\/media\/183049"}],"wp:attachment":[{"href":"https:\/\/diarioregionaldigital.com.br\/index.php?rest_route=%2Fwp%2Fv2%2Fmedia&parent=183048"}],"wp:term":[{"taxonomy":"category","embeddable":true,"href":"https:\/\/diarioregionaldigital.com.br\/index.php?rest_route=%2Fwp%2Fv2%2Fcategories&post=183048"},{"taxonomy":"post_tag","embeddable":true,"href":"https:\/\/diarioregionaldigital.com.br\/index.php?rest_route=%2Fwp%2Fv2%2Ftags&post=183048"}],"curies":[{"name":"wp","href":"https:\/\/api.w.org\/{rel}","templated":true}]}}