{"id":183045,"date":"2021-05-26T19:30:54","date_gmt":"2021-05-26T22:30:54","guid":{"rendered":"https:\/\/diarioregionaldigital.com.br\/?p=183045"},"modified":"2021-05-26T19:30:54","modified_gmt":"2021-05-26T22:30:54","slug":"mais-622-590-doses-vao-reforcar-vacinacao-de-grupos-prioritarios-em-minas","status":"publish","type":"post","link":"https:\/\/diarioregionaldigital.com.br\/?p=183045","title":{"rendered":"Mais 622.590 doses v\u00e3o refor\u00e7ar vacina\u00e7\u00e3o de grupos priorit\u00e1rios em Minas"},"content":{"rendered":"<p>O Estado recebe, nesta quarta-feira (26\/5), mais uma remessa de vacinas contra a covid-19. Este \u00e9 o 21\u00ba lote contendo 622.590 doses, sendo 561.750 da AstraZeneca e 60.840 da Pfizer. Esta \u00e9 a maior opera\u00e7\u00e3o de vacina\u00e7\u00e3o da hist\u00f3ria de Minas Gerais.<\/p>\n<p>Os imunizantes desembarcam no Aeroporto Internacional de\u00a0Belo Horizonte, em Confins, em dois momentos. Por volta das 7h15, chegaram as doses da AstraZeneca e, a partir das 14h30, ser\u00e1 a vez da remessa da Pfizer. Do aeroporto, as vacinas ser\u00e3o encaminhadas para a Central Estadual de Rede de Frio, da\u00a0<a href=\"http:\/\/saude.mg.gov.br\/\" target=\"_blank\" rel=\"noopener\">Secretaria de Estado de Sa\u00fade (SES-MG)<\/a>, de onde ser\u00e3o distribu\u00eddas \u00e0s 28 Unidades Regionais de Sa\u00fade (URSs).<br \/>\nA log\u00edstica de distribui\u00e7\u00e3o ser\u00e1 divulgada em breve.<\/p>\n<p><strong>P\u00fablico-alvo<\/strong><\/p>\n<p>As 561.750 doses da AstraZeneca ser\u00e3o destinadas ao in\u00edcio e \u00e0 continua\u00e7\u00e3o do esquema vacinal dos grupos priorit\u00e1rios. Elas ser\u00e3o utilizadas para come\u00e7ar a vacina\u00e7\u00e3o dos trabalhadores de transporte a\u00e9reo e portu\u00e1rio, al\u00e9n de garantir a continuidade da imuniza\u00e7\u00e3o de pessoas com comorbidades e dos trabalhadores das For\u00e7as de Seguran\u00e7a e Salvamento.<\/p>\n<p>J\u00e1 as 60.840 doses da Pfizer dar\u00e3o sequ\u00eancia \u00e0 vacina\u00e7\u00e3o de gr\u00e1vidas, mulheres que acabaram de dar \u00e0 luz, p\u00fablico com comorbidades e tamb\u00e9m com defici\u00eancia permanente.<\/p>\n<p><span style=\"font-weight: 400;\">Fonte: Ag\u00eancia Minas<\/span><\/p>\n","protected":false},"excerpt":{"rendered":"<p>O Estado recebe, nesta quarta-feira (26\/5), mais uma remessa de vacinas contra a covid-19. Este \u00e9 o 21\u00ba lote contendo 622.590 doses, sendo 561.750 da AstraZeneca e 60.840 da Pfizer. Esta \u00e9 a maior opera\u00e7\u00e3o de vacina\u00e7\u00e3o da hist\u00f3ria de Minas Gerais. Os imunizantes desembarcam no Aeroporto Internacional de\u00a0Belo Horizonte, em Confins, em dois momentos. [&hellip;]<\/p>\n","protected":false},"author":246,"featured_media":183046,"comment_status":"closed","ping_status":"closed","sticky":false,"template":"","format":"standard","meta":{"footnotes":""},"categories":[436,254,439],"tags":[],"class_list":["post-183045","post","type-post","status-publish","format-standard","has-post-thumbnail","hentry","category-destaque-da-semana","category-politica","category-ultima-hora"],"_links":{"self":[{"href":"https:\/\/diarioregionaldigital.com.br\/index.php?rest_route=\/wp\/v2\/posts\/183045","targetHints":{"allow":["GET"]}}],"collection":[{"href":"https:\/\/diarioregionaldigital.com.br\/index.php?rest_route=\/wp\/v2\/posts"}],"about":[{"href":"https:\/\/diarioregionaldigital.com.br\/index.php?rest_route=\/wp\/v2\/types\/post"}],"author":[{"embeddable":true,"href":"https:\/\/diarioregionaldigital.com.br\/index.php?rest_route=\/wp\/v2\/users\/246"}],"replies":[{"embeddable":true,"href":"https:\/\/diarioregionaldigital.com.br\/index.php?rest_route=%2Fwp%2Fv2%2Fcomments&post=183045"}],"version-history":[{"count":1,"href":"https:\/\/diarioregionaldigital.com.br\/index.php?rest_route=\/wp\/v2\/posts\/183045\/revisions"}],"predecessor-version":[{"id":183047,"href":"https:\/\/diarioregionaldigital.com.br\/index.php?rest_route=\/wp\/v2\/posts\/183045\/revisions\/183047"}],"wp:featuredmedia":[{"embeddable":true,"href":"https:\/\/diarioregionaldigital.com.br\/index.php?rest_route=\/wp\/v2\/media\/183046"}],"wp:attachment":[{"href":"https:\/\/diarioregionaldigital.com.br\/index.php?rest_route=%2Fwp%2Fv2%2Fmedia&parent=183045"}],"wp:term":[{"taxonomy":"category","embeddable":true,"href":"https:\/\/diarioregionaldigital.com.br\/index.php?rest_route=%2Fwp%2Fv2%2Fcategories&post=183045"},{"taxonomy":"post_tag","embeddable":true,"href":"https:\/\/diarioregionaldigital.com.br\/index.php?rest_route=%2Fwp%2Fv2%2Ftags&post=183045"}],"curies":[{"name":"wp","href":"https:\/\/api.w.org\/{rel}","templated":true}]}}