{"id":183042,"date":"2021-05-26T19:28:41","date_gmt":"2021-05-26T22:28:41","guid":{"rendered":"https:\/\/diarioregionaldigital.com.br\/?p=183042"},"modified":"2021-05-26T19:28:41","modified_gmt":"2021-05-26T22:28:41","slug":"romeu-zema-vai-a-brasilia-buscar-recursos-para-obras-de-infraestrutura-consideradas-estrategicas-para-minas-gerais","status":"publish","type":"post","link":"https:\/\/diarioregionaldigital.com.br\/?p=183042","title":{"rendered":"Romeu Zema vai a Bras\u00edlia buscar recursos para obras de infraestrutura consideradas estrat\u00e9gicas para Minas Gerais"},"content":{"rendered":"<p>O governador Romeu Zema esteve nesta ter\u00e7a-feira (25\/5), em Bras\u00edlia, no Minist\u00e9rio da Infraestrutura, para pedir recursos e apoio do governo federal na conclus\u00e3o de obras ou projetos abandonados pelos governos anteriores em Minas Gerais. Entre eles est\u00e3o a duplica\u00e7\u00e3o da BR-381, investimentos em ferrovias, aeroportos e o Anel Rodovi\u00e1rio.<br \/>\nZema saiu otimista da audi\u00eancia que teve com o ministro da Infraestrutura, Tarc\u00edsio Freitas. \u201dSaio do encontro com boas not\u00edcias. O governo tem uma s\u00e9rie de concess\u00f5es rodovi\u00e1rias. A BR-381 est\u00e1 entre as listadas. Os aeroportos de Montes Claros e Uberl\u00e2ndia, que recentemente passaram por melhorias, tamb\u00e9m devem ser inclu\u00eddos nas privatiza\u00e7\u00f5es\u201d, afirmou.<\/p>\n<p>Outra reivindica\u00e7\u00e3o antiga levada pelo governador foi a constru\u00e7\u00e3o do ramal ferrovi\u00e1rio Pirapora-Una\u00ed, no Noroeste de Minas. A linha f\u00e9rrea eliminaria um grande gargalo do agroneg\u00f3cio. \u201cA regi\u00e3o \u00e9 considerada a maior fronteira agr\u00edcola mineira. Isso demonstra a import\u00e2ncia do investimento\u201d, lembrou.<\/p>\n<p>O Anel Rodovi\u00e1rio, na Regi\u00e3o Metropolitana de Belo Horizonte (RMBH), foi outro assunto debatido durante o encontro. \u201cO ministro se comprometeu a fazer interven\u00e7\u00f5es nos pontos com maior volume de acidentes\u201d, disse.<\/p>\n<p><strong>Energia<\/strong><\/p>\n<p>O governador tamb\u00e9m se reuniu com o ministro de Minas e Energia, Bento Albuquerque,. Ao receber a imprensa ap\u00f3s a audi\u00eancia, Zema disse n\u00e3o temer o processo de desestatiza\u00e7\u00e3o da Eletrobras. \u201cO processo, desde que traga investimento, ele \u00e9 muito bem-vindo. Em Minas, o n\u00edvel da represa de Furnas \u00e9 uma grande preocupa\u00e7\u00e3o, uma vez que temos 54 cidades onde suas receitas est\u00e3o atreladas ao turismo e a piscicultura. O que Minas deseja \u00e9 o restabelecimento do n\u00edvel da represa\u201d, explicou.<\/p>\n<p>Romeu Zema tamb\u00e9m se encontrou o presidente Jair Bolsonaro, o ministro-chefe da Secretaria-Geral da Presid\u00eancia da Rep\u00fablica, Onyx Lorenzoni e com o presidente do Senado, Rodrigo Pacheco.<\/p>\n<p>O governador estava acompanhado dos secret\u00e1rios de\u00a0<a href=\"http:\/\/www.governo.mg.gov.br\/\" target=\"_blank\" rel=\"noopener\">Governo<\/a>, Igor Eto, de\u00a0<a href=\"http:\/\/www.infraestrutura.mg.gov.br\/\" target=\"_blank\" rel=\"noopener\">Infraestrutura e Mobilidade<\/a>, Fernando Marcato, e de\u00a0<a href=\"http:\/\/www.desenvolvimento.mg.gov.br\/\" target=\"_blank\" rel=\"noopener\">Meio Ambiente e Desenvolvimento Sustent\u00e1vel<\/a>, Mar\u00edlia Melo.<br \/>\n<span style=\"font-weight: 400;\"><br \/>\n<\/span><span style=\"font-weight: 400;\"><br \/>\n<\/span><span style=\"font-weight: 400;\">Fonte: Ag\u00eancia Minas<\/span><\/p>\n","protected":false},"excerpt":{"rendered":"<p>O governador Romeu Zema esteve nesta ter\u00e7a-feira (25\/5), em Bras\u00edlia, no Minist\u00e9rio da Infraestrutura, para pedir recursos e apoio do governo federal na conclus\u00e3o de obras ou projetos abandonados pelos governos anteriores em Minas Gerais. Entre eles est\u00e3o a duplica\u00e7\u00e3o da BR-381, investimentos em ferrovias, aeroportos e o Anel Rodovi\u00e1rio. Zema saiu otimista da audi\u00eancia [&hellip;]<\/p>\n","protected":false},"author":246,"featured_media":183043,"comment_status":"closed","ping_status":"closed","sticky":false,"template":"","format":"standard","meta":{"footnotes":""},"categories":[440,254,439],"tags":[],"class_list":["post-183042","post","type-post","status-publish","format-standard","has-post-thumbnail","hentry","category-destaques-do-dia","category-politica","category-ultima-hora"],"_links":{"self":[{"href":"https:\/\/diarioregionaldigital.com.br\/index.php?rest_route=\/wp\/v2\/posts\/183042","targetHints":{"allow":["GET"]}}],"collection":[{"href":"https:\/\/diarioregionaldigital.com.br\/index.php?rest_route=\/wp\/v2\/posts"}],"about":[{"href":"https:\/\/diarioregionaldigital.com.br\/index.php?rest_route=\/wp\/v2\/types\/post"}],"author":[{"embeddable":true,"href":"https:\/\/diarioregionaldigital.com.br\/index.php?rest_route=\/wp\/v2\/users\/246"}],"replies":[{"embeddable":true,"href":"https:\/\/diarioregionaldigital.com.br\/index.php?rest_route=%2Fwp%2Fv2%2Fcomments&post=183042"}],"version-history":[{"count":1,"href":"https:\/\/diarioregionaldigital.com.br\/index.php?rest_route=\/wp\/v2\/posts\/183042\/revisions"}],"predecessor-version":[{"id":183044,"href":"https:\/\/diarioregionaldigital.com.br\/index.php?rest_route=\/wp\/v2\/posts\/183042\/revisions\/183044"}],"wp:featuredmedia":[{"embeddable":true,"href":"https:\/\/diarioregionaldigital.com.br\/index.php?rest_route=\/wp\/v2\/media\/183043"}],"wp:attachment":[{"href":"https:\/\/diarioregionaldigital.com.br\/index.php?rest_route=%2Fwp%2Fv2%2Fmedia&parent=183042"}],"wp:term":[{"taxonomy":"category","embeddable":true,"href":"https:\/\/diarioregionaldigital.com.br\/index.php?rest_route=%2Fwp%2Fv2%2Fcategories&post=183042"},{"taxonomy":"post_tag","embeddable":true,"href":"https:\/\/diarioregionaldigital.com.br\/index.php?rest_route=%2Fwp%2Fv2%2Ftags&post=183042"}],"curies":[{"name":"wp","href":"https:\/\/api.w.org\/{rel}","templated":true}]}}