{"id":183039,"date":"2021-05-26T19:23:43","date_gmt":"2021-05-26T22:23:43","guid":{"rendered":"https:\/\/diarioregionaldigital.com.br\/?p=183039"},"modified":"2021-05-26T19:23:43","modified_gmt":"2021-05-26T22:23:43","slug":"dolar-fecha-a-r-531-com-entrada-de-recursos-de-exportacoes","status":"publish","type":"post","link":"https:\/\/diarioregionaldigital.com.br\/?p=183039","title":{"rendered":"D\u00f3lar fecha a R$ 5,31, com entrada de recursos de exporta\u00e7\u00f5es"},"content":{"rendered":"<p>Beneficiado pela entrada de recursos de exporta\u00e7\u00f5es, o d\u00f3lar caiu nesta quarta-feira (26), mas manteve-se acima de R$ 5,30. Impulsionada pelo setor a\u00e9reo, a bolsa de valores recuperou-se da queda de ontem (25) e aproximou-se dos 124 mil pontos.<img decoding=\"async\" src=\"https:\/\/agenciabrasil.ebc.com.br\/ebc.png?id=1410842&amp;o=node\" \/><img decoding=\"async\" src=\"https:\/\/agenciabrasil.ebc.com.br\/ebc.gif?id=1410842&amp;o=node\" \/><\/p>\n<p>O d\u00f3lar comercial encerrou o dia vendido a R$ 5,313, com queda de R$ 0,024 (-0,45%). A cota\u00e7\u00e3o chegou a subir para R$ 5,34 na m\u00e1xima do dia, por volta das 10h30, mas recuou no in\u00edcio da tarde, chegando a R$ 5,28 por volta das 12h30. Durante a tarde, a divisa diminuiu o ritmo de queda, mas manteve a baixa.<\/p>\n<p>No mercado de a\u00e7\u00f5es, o \u00edndice Ibovespa, da B3, fechou aos 123.989 pontos, com alta de 0,81%. O indicador operou em alta durante toda a sess\u00e3o, mas ampliou a alta durante a tarde com o desempenho de empresas a\u00e9reas.<\/p>\n<p>O real teve um dos melhores desempenhos do dia, entre as principais moedas de pa\u00edses emergentes. Ap\u00f3s um dia de pessimismo no mercado internacional, as bolsas norte-americanas fecharam em pequena alta. Os investidores aguardam os dados de infla\u00e7\u00e3o dos Estados Unidos para avaliarem as chances de o Federal Reserve (Fed, Banco Central norte-americano) come\u00e7ar a retirar os est\u00edmulos concedidos por causa da pandemia de covid-19, antes do inicialmente previsto.<\/p>\n<p><span style=\"font-weight: 400;\">Fonte: Ag\u00eancia Brasil<\/span><\/p>\n","protected":false},"excerpt":{"rendered":"<p>Beneficiado pela entrada de recursos de exporta\u00e7\u00f5es, o d\u00f3lar caiu nesta quarta-feira (26), mas manteve-se acima de R$ 5,30. Impulsionada pelo setor a\u00e9reo, a bolsa de valores recuperou-se da queda de ontem (25) e aproximou-se dos 124 mil pontos. O d\u00f3lar comercial encerrou o dia vendido a R$ 5,313, com queda de R$ 0,024 (-0,45%). [&hellip;]<\/p>\n","protected":false},"author":246,"featured_media":183040,"comment_status":"closed","ping_status":"closed","sticky":false,"template":"","format":"standard","meta":{"footnotes":""},"categories":[261,439],"tags":[],"class_list":["post-183039","post","type-post","status-publish","format-standard","has-post-thumbnail","hentry","category-economia","category-ultima-hora"],"_links":{"self":[{"href":"https:\/\/diarioregionaldigital.com.br\/index.php?rest_route=\/wp\/v2\/posts\/183039","targetHints":{"allow":["GET"]}}],"collection":[{"href":"https:\/\/diarioregionaldigital.com.br\/index.php?rest_route=\/wp\/v2\/posts"}],"about":[{"href":"https:\/\/diarioregionaldigital.com.br\/index.php?rest_route=\/wp\/v2\/types\/post"}],"author":[{"embeddable":true,"href":"https:\/\/diarioregionaldigital.com.br\/index.php?rest_route=\/wp\/v2\/users\/246"}],"replies":[{"embeddable":true,"href":"https:\/\/diarioregionaldigital.com.br\/index.php?rest_route=%2Fwp%2Fv2%2Fcomments&post=183039"}],"version-history":[{"count":1,"href":"https:\/\/diarioregionaldigital.com.br\/index.php?rest_route=\/wp\/v2\/posts\/183039\/revisions"}],"predecessor-version":[{"id":183041,"href":"https:\/\/diarioregionaldigital.com.br\/index.php?rest_route=\/wp\/v2\/posts\/183039\/revisions\/183041"}],"wp:featuredmedia":[{"embeddable":true,"href":"https:\/\/diarioregionaldigital.com.br\/index.php?rest_route=\/wp\/v2\/media\/183040"}],"wp:attachment":[{"href":"https:\/\/diarioregionaldigital.com.br\/index.php?rest_route=%2Fwp%2Fv2%2Fmedia&parent=183039"}],"wp:term":[{"taxonomy":"category","embeddable":true,"href":"https:\/\/diarioregionaldigital.com.br\/index.php?rest_route=%2Fwp%2Fv2%2Fcategories&post=183039"},{"taxonomy":"post_tag","embeddable":true,"href":"https:\/\/diarioregionaldigital.com.br\/index.php?rest_route=%2Fwp%2Fv2%2Ftags&post=183039"}],"curies":[{"name":"wp","href":"https:\/\/api.w.org\/{rel}","templated":true}]}}