{"id":183036,"date":"2021-05-26T19:20:33","date_gmt":"2021-05-26T22:20:33","guid":{"rendered":"https:\/\/diarioregionaldigital.com.br\/?p=183036"},"modified":"2021-05-26T19:20:33","modified_gmt":"2021-05-26T22:20:33","slug":"faturamento-do-setor-de-maquinas-e-equipamentos-cresce-72-em-abril","status":"publish","type":"post","link":"https:\/\/diarioregionaldigital.com.br\/?p=183036","title":{"rendered":"Faturamento do setor de m\u00e1quinas e equipamentos cresce 72% em abril"},"content":{"rendered":"<p>O faturamento da ind\u00fastria brasileira de m\u00e1quinas e equipamentos cresceu 72,2% em abril na compara\u00e7\u00e3o com o mesmo m\u00eas do ano passado, totalizando R$ 16,6 bilh\u00f5es em 2021. Nos \u00faltimos 12 meses, as vendas do setor acumulam o montante de R$ 179 bilh\u00f5es, alta de 18,1%. Os dados foram divulgados hoje (26) pela Associa\u00e7\u00e3o Brasileira da Ind\u00fastria de M\u00e1quinas e Equipamentos (Abimaq).<img decoding=\"async\" src=\"https:\/\/agenciabrasil.ebc.com.br\/ebc.png?id=1410813&amp;o=node\" \/><img decoding=\"async\" src=\"https:\/\/agenciabrasil.ebc.com.br\/ebc.gif?id=1410813&amp;o=node\" \/><\/p>\n<p>Nos primeiros quatro meses do ano, a receita do setor teve crescimento de 37,4% na compara\u00e7\u00e3o com igual per\u00edodo de 2020. O faturamento de janeiro a abril alcan\u00e7ou mais de R$ 62 bilh\u00f5es. \u201cO setor de m\u00e1quinas rodovi\u00e1rias cresceu muito, e n\u00e3o tem a ver com a pandemia. O setor de infraestrutura como um todo est\u00e1 crescendo, e o que mais cresceu foi o agr\u00edcola\u201d, disse Jos\u00e9 Velloso, presidente da Abimaq.<\/p>\n<p>A estimativa para o setor em 2021 \u00e9 de crescimento de 13,5%.<\/p>\n<p>Ao observar abril, a entidade aponta que o mercado externo foi respons\u00e1vel pela melhora no desempenho da ind\u00fastria de m\u00e1quinas e equipamentos. O setor vendeu ao exterior US$ 702,3 milh\u00f5es em equipamentos, montante 37,3% superior ao registrado no mesmo m\u00eas de 2020. Em rela\u00e7\u00e3o a mar\u00e7o, as exporta\u00e7\u00f5es foram 8% maiores. Nos \u00faltimos 12 meses, o setor registrou queda de 16,5% nas exporta\u00e7\u00f5es.<\/p>\n<p>Enquanto isso, as vendas no mercado dom\u00e9stico tiveram queda de 6,1% em rela\u00e7\u00e3o ao m\u00eas anterior. No entanto, na compara\u00e7\u00e3o interanual, houve alta de 102% ante abril de 2020. A entidade aponta que o resultado \u00e9 explicado porque as vendas encolheram 33% nesse per\u00edodo do ano passado por conta da chegada da pandemia da covid-19. Com a vacina\u00e7\u00e3o em curso, a Abimaq avalia que o com\u00e9rcio internacional est\u00e1 ganhando ritmo, o que tem repercuss\u00e3o nas exporta\u00e7\u00f5es.<\/p>\n<p>Em rela\u00e7\u00e3o aos empregos na ind\u00fastria de m\u00e1quinas e equipamentos, foram criados 47 mil postos de trabalho em abril, na compara\u00e7\u00e3o com o ano passado. O setor emprega 346 mil pessoas.<span style=\"font-weight: 400;\"><br \/>\n<\/span><span style=\"font-weight: 400;\"><br \/>\n<\/span><span style=\"font-weight: 400;\">Fonte: Ag\u00eancia Brasil <\/span><\/p>\n","protected":false},"excerpt":{"rendered":"<p>O faturamento da ind\u00fastria brasileira de m\u00e1quinas e equipamentos cresceu 72,2% em abril na compara\u00e7\u00e3o com o mesmo m\u00eas do ano passado, totalizando R$ 16,6 bilh\u00f5es em 2021. Nos \u00faltimos 12 meses, as vendas do setor acumulam o montante de R$ 179 bilh\u00f5es, alta de 18,1%. Os dados foram divulgados hoje (26) pela Associa\u00e7\u00e3o Brasileira [&hellip;]<\/p>\n","protected":false},"author":246,"featured_media":183037,"comment_status":"closed","ping_status":"closed","sticky":false,"template":"","format":"standard","meta":{"footnotes":""},"categories":[440,261,439],"tags":[],"class_list":["post-183036","post","type-post","status-publish","format-standard","has-post-thumbnail","hentry","category-destaques-do-dia","category-economia","category-ultima-hora"],"_links":{"self":[{"href":"https:\/\/diarioregionaldigital.com.br\/index.php?rest_route=\/wp\/v2\/posts\/183036","targetHints":{"allow":["GET"]}}],"collection":[{"href":"https:\/\/diarioregionaldigital.com.br\/index.php?rest_route=\/wp\/v2\/posts"}],"about":[{"href":"https:\/\/diarioregionaldigital.com.br\/index.php?rest_route=\/wp\/v2\/types\/post"}],"author":[{"embeddable":true,"href":"https:\/\/diarioregionaldigital.com.br\/index.php?rest_route=\/wp\/v2\/users\/246"}],"replies":[{"embeddable":true,"href":"https:\/\/diarioregionaldigital.com.br\/index.php?rest_route=%2Fwp%2Fv2%2Fcomments&post=183036"}],"version-history":[{"count":1,"href":"https:\/\/diarioregionaldigital.com.br\/index.php?rest_route=\/wp\/v2\/posts\/183036\/revisions"}],"predecessor-version":[{"id":183038,"href":"https:\/\/diarioregionaldigital.com.br\/index.php?rest_route=\/wp\/v2\/posts\/183036\/revisions\/183038"}],"wp:featuredmedia":[{"embeddable":true,"href":"https:\/\/diarioregionaldigital.com.br\/index.php?rest_route=\/wp\/v2\/media\/183037"}],"wp:attachment":[{"href":"https:\/\/diarioregionaldigital.com.br\/index.php?rest_route=%2Fwp%2Fv2%2Fmedia&parent=183036"}],"wp:term":[{"taxonomy":"category","embeddable":true,"href":"https:\/\/diarioregionaldigital.com.br\/index.php?rest_route=%2Fwp%2Fv2%2Fcategories&post=183036"},{"taxonomy":"post_tag","embeddable":true,"href":"https:\/\/diarioregionaldigital.com.br\/index.php?rest_route=%2Fwp%2Fv2%2Ftags&post=183036"}],"curies":[{"name":"wp","href":"https:\/\/api.w.org\/{rel}","templated":true}]}}