{"id":183022,"date":"2021-05-26T00:50:47","date_gmt":"2021-05-26T03:50:47","guid":{"rendered":"https:\/\/diarioregionaldigital.com.br\/?p=183022"},"modified":"2021-05-26T00:50:47","modified_gmt":"2021-05-26T03:50:47","slug":"fundacao-educacional-machado-sobrinho-convocacao-26-05-2021","status":"publish","type":"post","link":"https:\/\/diarioregionaldigital.com.br\/?p=183022","title":{"rendered":"Funda\u00e7\u00e3o Educacional Machado Sobrinho &#8211; Convoca\u00e7\u00e3o &#8211; 26\/05\/2021"},"content":{"rendered":"<h6 style=\"text-align: center;\">FUNDA\u00c7\u00c3O EDUCACIONAL MACHADO SOBRINHO<\/h6>\n<h6 style=\"text-align: center;\"><strong>REUNI\u00c3O ORDIN\u00c1RIA DA ASSEMBLEIA GERAL<\/strong><\/h6>\n<h6 style=\"text-align: center;\">CONVOCA\u00c7\u00c3O<\/h6>\n<p>Na qualidade de Presidente da Funda\u00e7\u00e3o Educacional Machado Sobrinho, convoco os Senhores Membros da Assembleia Geral, na forma estatut\u00e1ria, para a reuni\u00e3o ordin\u00e1ria no <strong>dia 07 de Junho de 2021, <\/strong>em primeira convoca\u00e7\u00e3o, as<strong> 9h30min <\/strong>e, em segunda convoca\u00e7\u00e3o, as<strong> 10horas<\/strong>, de forma virtual pelo Hangouts Meet, em raz\u00e3o do isolamento social recomendado, tendo em vista a pandemia do COVID 19, para deliberarem sobre a seguinte pauta:<\/p>\n<p><strong>PAUTA DA REUNI\u00c3O:<\/strong><\/p>\n<ul>\n<li>Conhecimento e delibera\u00e7\u00e3o sobre a Presta\u00e7\u00e3o de Contas do exerc\u00edcio de 2020, constitu\u00edda do Relat\u00f3rio do Diretor Executivo, dos Balan\u00e7os e demais pe\u00e7as cont\u00e1beis, do Parecer do Conselho Curador e do Parecer da Auditoria Externa Independente;<\/li>\n<li>Conhecimento e delibera\u00e7\u00e3o sobre a situa\u00e7\u00e3o da FEMS em 2020;<\/li>\n<li>Elei\u00e7\u00f5es q\u00fcinq\u00fc\u00eanio 2021-2026;<\/li>\n<li>Demais assuntos de interesse da Institui\u00e7\u00e3o.<\/li>\n<\/ul>\n<p style=\"text-align: center;\">Juiz de Fora, 19 de maio de 2021.<\/p>\n<p style=\"text-align: center;\"><strong>Paulo Cezar Castro Gon\u00e7alves<\/strong><\/p>\n<p style=\"text-align: center;\"><strong>Presidente<\/strong><\/p>\n","protected":false},"excerpt":{"rendered":"<p>FUNDA\u00c7\u00c3O EDUCACIONAL MACHADO SOBRINHO REUNI\u00c3O ORDIN\u00c1RIA DA ASSEMBLEIA GERAL CONVOCA\u00c7\u00c3O Na qualidade de Presidente da Funda\u00e7\u00e3o Educacional Machado Sobrinho, convoco os Senhores Membros da Assembleia Geral, na forma estatut\u00e1ria, para a reuni\u00e3o ordin\u00e1ria no dia 07 de Junho de 2021, em primeira convoca\u00e7\u00e3o, as 9h30min e, em segunda convoca\u00e7\u00e3o, as 10horas, de forma virtual pelo [&hellip;]<\/p>\n","protected":false},"author":96,"featured_media":0,"comment_status":"closed","ping_status":"closed","sticky":false,"template":"","format":"standard","meta":{"footnotes":""},"categories":[307],"tags":[],"class_list":["post-183022","post","type-post","status-publish","format-standard","hentry","category-editais"],"_links":{"self":[{"href":"https:\/\/diarioregionaldigital.com.br\/index.php?rest_route=\/wp\/v2\/posts\/183022","targetHints":{"allow":["GET"]}}],"collection":[{"href":"https:\/\/diarioregionaldigital.com.br\/index.php?rest_route=\/wp\/v2\/posts"}],"about":[{"href":"https:\/\/diarioregionaldigital.com.br\/index.php?rest_route=\/wp\/v2\/types\/post"}],"author":[{"embeddable":true,"href":"https:\/\/diarioregionaldigital.com.br\/index.php?rest_route=\/wp\/v2\/users\/96"}],"replies":[{"embeddable":true,"href":"https:\/\/diarioregionaldigital.com.br\/index.php?rest_route=%2Fwp%2Fv2%2Fcomments&post=183022"}],"version-history":[{"count":1,"href":"https:\/\/diarioregionaldigital.com.br\/index.php?rest_route=\/wp\/v2\/posts\/183022\/revisions"}],"predecessor-version":[{"id":183023,"href":"https:\/\/diarioregionaldigital.com.br\/index.php?rest_route=\/wp\/v2\/posts\/183022\/revisions\/183023"}],"wp:attachment":[{"href":"https:\/\/diarioregionaldigital.com.br\/index.php?rest_route=%2Fwp%2Fv2%2Fmedia&parent=183022"}],"wp:term":[{"taxonomy":"category","embeddable":true,"href":"https:\/\/diarioregionaldigital.com.br\/index.php?rest_route=%2Fwp%2Fv2%2Fcategories&post=183022"},{"taxonomy":"post_tag","embeddable":true,"href":"https:\/\/diarioregionaldigital.com.br\/index.php?rest_route=%2Fwp%2Fv2%2Ftags&post=183022"}],"curies":[{"name":"wp","href":"https:\/\/api.w.org\/{rel}","templated":true}]}}