{"id":183016,"date":"2021-05-26T06:00:41","date_gmt":"2021-05-26T09:00:41","guid":{"rendered":"https:\/\/diarioregionaldigital.com.br\/?p=183016"},"modified":"2021-05-26T00:43:33","modified_gmt":"2021-05-26T03:43:33","slug":"gente-importante","status":"publish","type":"post","link":"https:\/\/diarioregionaldigital.com.br\/?p=183016","title":{"rendered":"Gente Importante"},"content":{"rendered":"<p style=\"text-align: center;\"><strong>Arte e Cultura<\/strong><\/p>\n<p style=\"text-align: center;\">As obras de Fani Bracher est\u00e3o presentes em importantes cole\u00e7\u00f5es brasileiras e no acervo de muitos museus. Uma delas esta entre as 152 obras da exposi\u00e7\u00e3o \u201cMultiplos Olhares: mulheres artistas nas cole\u00e7\u00f5es da Funarj\u201d em cartaz no Museu do Ing\u00e1, Niter\u00f3i. A coordena\u00e7\u00e3o da exposi\u00e7\u00e3o \u00e9 de Douglas Fasolato.<\/p>\n<p style=\"text-align: center;\"><strong>Noticia Boa<\/strong><\/p>\n<p style=\"text-align: center;\">Ap\u00f3s press\u00e3o de universidades, o MEC liberou R$2,6 bilh\u00f5es e causou euforia no setor. O recurso foi repassado depois que institui\u00e7\u00f5es federais amea\u00e7aram fechar. Elas pedem novo desbloqueio de verbas ao minist\u00e9rio. T\u00e1 certo!<\/p>\n<p style=\"text-align: center;\"><strong>Gente Importante<\/strong><\/p>\n<p style=\"text-align: center;\">Jovens e conscientes de seu valor a advogada criminalista Alessandra Benony e o professor e psic\u00f3logo Fred Alvim ter\u00e3o um canal no YouTube para falar de Direito e Psicologia em nossas vidas.<\/p>\n<p style=\"text-align: center;\"><strong>Esp\u00edrito Ol\u00edmpico<\/strong><\/p>\n<p style=\"text-align: center;\">Se os Jogos Ol\u00edmpicos realmente representam paz e amizade, n\u00e3o dever\u00edamos promover festas globais para uma pequena parcela de privilegiados, at\u00e9 toda fam\u00edlia humana esteja curada e possa celebrar unida.<\/p>\n<div id=\"attachment_182958\" style=\"width: 690px\" class=\"wp-caption aligncenter\"><img loading=\"lazy\" decoding=\"async\" aria-describedby=\"caption-attachment-182958\" class=\"wp-image-182958\" src=\"https:\/\/diarioregionaldigital.com.br\/wp-content\/uploads\/2021\/05\/fotoaa-4.jpg\" alt=\"\" width=\"680\" height=\"442\" srcset=\"https:\/\/diarioregionaldigital.com.br\/wp-content\/uploads\/2021\/05\/fotoaa-4.jpg 1880w, https:\/\/diarioregionaldigital.com.br\/wp-content\/uploads\/2021\/05\/fotoaa-4-300x195.jpg 300w, https:\/\/diarioregionaldigital.com.br\/wp-content\/uploads\/2021\/05\/fotoaa-4-1024x665.jpg 1024w, https:\/\/diarioregionaldigital.com.br\/wp-content\/uploads\/2021\/05\/fotoaa-4-768x499.jpg 768w, https:\/\/diarioregionaldigital.com.br\/wp-content\/uploads\/2021\/05\/fotoaa-4-1536x998.jpg 1536w, https:\/\/diarioregionaldigital.com.br\/wp-content\/uploads\/2021\/05\/fotoaa-4-360x234.jpg 360w\" sizes=\"auto, (max-width: 680px) 100vw, 680px\" \/><p id=\"caption-attachment-182958\" class=\"wp-caption-text\">A lind\u00edssima e deslumbrante Miss Brasil 2021, conquistou o 2\u00ba lugar no Miss Universo 2021 nos Estados Unidos. J\u00falia Gama (foto) na opini\u00e3o mundial deveria ter ganhado<\/p><\/div>\n<div id=\"attachment_182959\" style=\"width: 690px\" class=\"wp-caption aligncenter\"><img loading=\"lazy\" decoding=\"async\" aria-describedby=\"caption-attachment-182959\" class=\"wp-image-182959\" src=\"https:\/\/diarioregionaldigital.com.br\/wp-content\/uploads\/2021\/05\/fotob-14-e1621999851150.jpg\" alt=\"\" width=\"680\" height=\"477\" srcset=\"https:\/\/diarioregionaldigital.com.br\/wp-content\/uploads\/2021\/05\/fotob-14-e1621999851150.jpg 712w, https:\/\/diarioregionaldigital.com.br\/wp-content\/uploads\/2021\/05\/fotob-14-e1621999851150-300x210.jpg 300w, https:\/\/diarioregionaldigital.com.br\/wp-content\/uploads\/2021\/05\/fotob-14-e1621999851150-360x252.jpg 360w, https:\/\/diarioregionaldigital.com.br\/wp-content\/uploads\/2021\/05\/fotob-14-e1621999851150-100x70.jpg 100w\" sizes=\"auto, (max-width: 680px) 100vw, 680px\" \/><p id=\"caption-attachment-182959\" class=\"wp-caption-text\">Comemorando anivers\u00e1rio Jo\u00e3o Victor Ghedin comemorou com a m\u00e3e V\u00e2nia Ghedin (leia-se Rei das Frutas)<\/p><\/div>\n<div id=\"attachment_182960\" style=\"width: 690px\" class=\"wp-caption aligncenter\"><img loading=\"lazy\" decoding=\"async\" aria-describedby=\"caption-attachment-182960\" class=\"wp-image-182960\" src=\"https:\/\/diarioregionaldigital.com.br\/wp-content\/uploads\/2021\/05\/fotoc-15-e1621999873346.jpg\" alt=\"\" width=\"680\" height=\"471\" srcset=\"https:\/\/diarioregionaldigital.com.br\/wp-content\/uploads\/2021\/05\/fotoc-15-e1621999873346.jpg 471w, https:\/\/diarioregionaldigital.com.br\/wp-content\/uploads\/2021\/05\/fotoc-15-e1621999873346-300x208.jpg 300w, https:\/\/diarioregionaldigital.com.br\/wp-content\/uploads\/2021\/05\/fotoc-15-e1621999873346-360x249.jpg 360w, https:\/\/diarioregionaldigital.com.br\/wp-content\/uploads\/2021\/05\/fotoc-15-e1621999873346-100x70.jpg 100w\" sizes=\"auto, (max-width: 680px) 100vw, 680px\" \/><p id=\"caption-attachment-182960\" class=\"wp-caption-text\">Dois aniversariantes de realce do m\u00eas de maio no Estrela Sul: Lilian Oliveira (Fartura) e Marc\u00edlio Gomes<\/p><\/div>\n<div id=\"attachment_182961\" style=\"width: 690px\" class=\"wp-caption aligncenter\"><img loading=\"lazy\" decoding=\"async\" aria-describedby=\"caption-attachment-182961\" class=\"wp-image-182961\" src=\"https:\/\/diarioregionaldigital.com.br\/wp-content\/uploads\/2021\/05\/fotod-16-e1621999896424.jpg\" alt=\"\" width=\"680\" height=\"466\" srcset=\"https:\/\/diarioregionaldigital.com.br\/wp-content\/uploads\/2021\/05\/fotod-16-e1621999896424.jpg 1216w, https:\/\/diarioregionaldigital.com.br\/wp-content\/uploads\/2021\/05\/fotod-16-e1621999896424-300x206.jpg 300w, https:\/\/diarioregionaldigital.com.br\/wp-content\/uploads\/2021\/05\/fotod-16-e1621999896424-1024x702.jpg 1024w, https:\/\/diarioregionaldigital.com.br\/wp-content\/uploads\/2021\/05\/fotod-16-e1621999896424-768x527.jpg 768w, https:\/\/diarioregionaldigital.com.br\/wp-content\/uploads\/2021\/05\/fotod-16-e1621999896424-360x247.jpg 360w, https:\/\/diarioregionaldigital.com.br\/wp-content\/uploads\/2021\/05\/fotod-16-e1621999896424-100x70.jpg 100w\" sizes=\"auto, (max-width: 680px) 100vw, 680px\" \/><p id=\"caption-attachment-182961\" class=\"wp-caption-text\">Em contagem regressiva para a estreia no seu canal no YouTube, o professor e psic\u00f3logo Fred Alvim e a advogada criminalista Alessandra Benony<\/p><\/div>\n<div id=\"attachment_182962\" style=\"width: 690px\" class=\"wp-caption aligncenter\"><img loading=\"lazy\" decoding=\"async\" aria-describedby=\"caption-attachment-182962\" class=\"wp-image-182962\" src=\"https:\/\/diarioregionaldigital.com.br\/wp-content\/uploads\/2021\/05\/fotoe-14-e1621999931391.jpg\" alt=\"\" width=\"680\" height=\"500\" srcset=\"https:\/\/diarioregionaldigital.com.br\/wp-content\/uploads\/2021\/05\/fotoe-14-e1621999931391.jpg 518w, https:\/\/diarioregionaldigital.com.br\/wp-content\/uploads\/2021\/05\/fotoe-14-e1621999931391-300x221.jpg 300w, https:\/\/diarioregionaldigital.com.br\/wp-content\/uploads\/2021\/05\/fotoe-14-e1621999931391-360x265.jpg 360w\" sizes=\"auto, (max-width: 680px) 100vw, 680px\" \/><p id=\"caption-attachment-182962\" class=\"wp-caption-text\">O arquiteto Cl\u00e1udio de Landa e sua bondosa m\u00e3e Solange de Landa<\/p><\/div>\n<div id=\"attachment_182963\" style=\"width: 690px\" class=\"wp-caption aligncenter\"><img loading=\"lazy\" decoding=\"async\" aria-describedby=\"caption-attachment-182963\" class=\"wp-image-182963\" src=\"https:\/\/diarioregionaldigital.com.br\/wp-content\/uploads\/2021\/05\/fotof-16-e1621999957492.jpg\" alt=\"\" width=\"680\" height=\"481\" srcset=\"https:\/\/diarioregionaldigital.com.br\/wp-content\/uploads\/2021\/05\/fotof-16-e1621999957492.jpg 499w, https:\/\/diarioregionaldigital.com.br\/wp-content\/uploads\/2021\/05\/fotof-16-e1621999957492-300x212.jpg 300w, https:\/\/diarioregionaldigital.com.br\/wp-content\/uploads\/2021\/05\/fotof-16-e1621999957492-360x255.jpg 360w, https:\/\/diarioregionaldigital.com.br\/wp-content\/uploads\/2021\/05\/fotof-16-e1621999957492-100x70.jpg 100w\" sizes=\"auto, (max-width: 680px) 100vw, 680px\" \/><p id=\"caption-attachment-182963\" class=\"wp-caption-text\">Em momento descontra\u00eddo, o gerente da Jorge Bishoff, Cesar Monteiro<\/p><\/div>\n<div id=\"attachment_182964\" style=\"width: 690px\" class=\"wp-caption aligncenter\"><img loading=\"lazy\" decoding=\"async\" aria-describedby=\"caption-attachment-182964\" class=\"wp-image-182964\" src=\"https:\/\/diarioregionaldigital.com.br\/wp-content\/uploads\/2021\/05\/fotog-13-e1621999986828.jpg\" alt=\"\" width=\"680\" height=\"542\" srcset=\"https:\/\/diarioregionaldigital.com.br\/wp-content\/uploads\/2021\/05\/fotog-13-e1621999986828.jpg 1440w, https:\/\/diarioregionaldigital.com.br\/wp-content\/uploads\/2021\/05\/fotog-13-e1621999986828-300x239.jpg 300w, https:\/\/diarioregionaldigital.com.br\/wp-content\/uploads\/2021\/05\/fotog-13-e1621999986828-1024x816.jpg 1024w, https:\/\/diarioregionaldigital.com.br\/wp-content\/uploads\/2021\/05\/fotog-13-e1621999986828-768x612.jpg 768w, https:\/\/diarioregionaldigital.com.br\/wp-content\/uploads\/2021\/05\/fotog-13-e1621999986828-360x287.jpg 360w\" sizes=\"auto, (max-width: 680px) 100vw, 680px\" \/><p id=\"caption-attachment-182964\" class=\"wp-caption-text\">O Alto astral do produtor de moda e concursos de Miss, Diley Almeida<\/p><\/div>\n<p style=\"text-align: center;\"><strong>FOTOSS\u00cdNTESE<\/strong><\/p>\n<p>Conjugando talento e criatividade, o artista pl\u00e1stico Fernando Pacheco lan\u00e7ou novo site, com fotos interessantes e objetivas.<\/p>\n<p>Sempre empreendedor, o empres\u00e1rio da General Cook Manoel Resende fechou com a Borilli Racing Pneus uma conta de patroc\u00ednio para o 31\u00ba Pro Tork Ibitipoca Off Road. O rally de regularidade do Brasil vai rolar em 31 de julho e 1\u00ba de agosto.<\/p>\n<p>Em momento l\u00edrico e sob reg\u00eancia do maestro Adriano Del Mastro Canto, o Coral da UFJF gravou a can\u00e7\u00e3o \u201cHoje eu n\u00e3o saio nao\u201d O v\u00eddeo , dispon\u00edvel no YouTube, tem participa\u00e7\u00e3o dos percussionistas \u00c2ngelo Goulart e Carlos Fernando Cunha.<\/p>\n<p>Causou impacto nas redes sociais a live sobre sexualidade e envelhecimento com a psic\u00f3loga e terapeuta Elis\u00e2ngela Pereira. A promo\u00e7\u00e3o foi do assistente social, Jos\u00e9 An\u00edsio (Pitico) da Silva.<\/p>\n<p>Aten\u00e7\u00e3o autoridades: os fundos do Cine Theatro Central na rua: S\u00e3o Jo\u00e3o virou dep\u00f3sito de lixo. Um contraste com a beleza arquitet\u00f4nica do espa\u00e7o cultural hist\u00f3rico.<\/p>\n<p>Esteve hospedado durante a semana no Hotel Green Hill atirador espanhol Jorge Ballesteros que mora na Catal\u00fania. Ministrou mini-cursos para grupos fechados de CARs (ca\u00e7ador, atirador e colecionador).<\/p>\n<p>Lilian Oliveira (Fartura) comemorou anivers\u00e1rio com almo\u00e7o no Estrela Sul com familiares e o amigo Marc\u00edlio Gomes que tamb\u00e9m aniversariava.<\/p>\n<p>Toque S\u00fatil: \u201cMetas s\u00e3o como flechas. Quanto mais alto voc\u00ea mira, mais longe voc\u00ea alcan\u00e7a\u201d (Ravell). Bom dia.<\/p>\n<p><img loading=\"lazy\" decoding=\"async\" class=\"aligncenter size-full wp-image-183015\" src=\"https:\/\/diarioregionaldigital.com.br\/wp-content\/uploads\/2021\/05\/anuncio67-scaled.jpg\" alt=\"\" width=\"2560\" height=\"994\" srcset=\"https:\/\/diarioregionaldigital.com.br\/wp-content\/uploads\/2021\/05\/anuncio67-scaled.jpg 2560w, https:\/\/diarioregionaldigital.com.br\/wp-content\/uploads\/2021\/05\/anuncio67-300x116.jpg 300w, https:\/\/diarioregionaldigital.com.br\/wp-content\/uploads\/2021\/05\/anuncio67-1024x398.jpg 1024w, https:\/\/diarioregionaldigital.com.br\/wp-content\/uploads\/2021\/05\/anuncio67-768x298.jpg 768w, https:\/\/diarioregionaldigital.com.br\/wp-content\/uploads\/2021\/05\/anuncio67-1536x596.jpg 1536w, https:\/\/diarioregionaldigital.com.br\/wp-content\/uploads\/2021\/05\/anuncio67-2048x795.jpg 2048w, https:\/\/diarioregionaldigital.com.br\/wp-content\/uploads\/2021\/05\/anuncio67-360x140.jpg 360w\" sizes=\"auto, (max-width: 2560px) 100vw, 2560px\" \/><\/p>\n","protected":false},"excerpt":{"rendered":"<p>Arte e Cultura As obras de Fani Bracher est\u00e3o presentes em importantes cole\u00e7\u00f5es brasileiras e no acervo de muitos museus. Uma delas esta entre as 152 obras da exposi\u00e7\u00e3o \u201cMultiplos Olhares: mulheres artistas nas cole\u00e7\u00f5es da Funarj\u201d em cartaz no Museu do Ing\u00e1, Niter\u00f3i. A coordena\u00e7\u00e3o da exposi\u00e7\u00e3o \u00e9 de Douglas Fasolato. Noticia Boa Ap\u00f3s [&hellip;]<\/p>\n","protected":false},"author":253,"featured_media":182958,"comment_status":"closed","ping_status":"closed","sticky":false,"template":"","format":"standard","meta":{"footnotes":""},"categories":[264],"tags":[],"class_list":["post-183016","post","type-post","status-publish","format-standard","has-post-thumbnail","hentry","category-eduardo-gomes"],"_links":{"self":[{"href":"https:\/\/diarioregionaldigital.com.br\/index.php?rest_route=\/wp\/v2\/posts\/183016","targetHints":{"allow":["GET"]}}],"collection":[{"href":"https:\/\/diarioregionaldigital.com.br\/index.php?rest_route=\/wp\/v2\/posts"}],"about":[{"href":"https:\/\/diarioregionaldigital.com.br\/index.php?rest_route=\/wp\/v2\/types\/post"}],"author":[{"embeddable":true,"href":"https:\/\/diarioregionaldigital.com.br\/index.php?rest_route=\/wp\/v2\/users\/253"}],"replies":[{"embeddable":true,"href":"https:\/\/diarioregionaldigital.com.br\/index.php?rest_route=%2Fwp%2Fv2%2Fcomments&post=183016"}],"version-history":[{"count":1,"href":"https:\/\/diarioregionaldigital.com.br\/index.php?rest_route=\/wp\/v2\/posts\/183016\/revisions"}],"predecessor-version":[{"id":183017,"href":"https:\/\/diarioregionaldigital.com.br\/index.php?rest_route=\/wp\/v2\/posts\/183016\/revisions\/183017"}],"wp:featuredmedia":[{"embeddable":true,"href":"https:\/\/diarioregionaldigital.com.br\/index.php?rest_route=\/wp\/v2\/media\/182958"}],"wp:attachment":[{"href":"https:\/\/diarioregionaldigital.com.br\/index.php?rest_route=%2Fwp%2Fv2%2Fmedia&parent=183016"}],"wp:term":[{"taxonomy":"category","embeddable":true,"href":"https:\/\/diarioregionaldigital.com.br\/index.php?rest_route=%2Fwp%2Fv2%2Fcategories&post=183016"},{"taxonomy":"post_tag","embeddable":true,"href":"https:\/\/diarioregionaldigital.com.br\/index.php?rest_route=%2Fwp%2Fv2%2Ftags&post=183016"}],"curies":[{"name":"wp","href":"https:\/\/api.w.org\/{rel}","templated":true}]}}