{"id":182998,"date":"2021-05-25T18:28:00","date_gmt":"2021-05-25T21:28:00","guid":{"rendered":"https:\/\/diarioregionaldigital.com.br\/?p=182998"},"modified":"2021-05-25T18:28:00","modified_gmt":"2021-05-25T21:28:00","slug":"pre-cadastro-de-pessoas-com-comorbidades-se-encerrou-nesta-terca-feira-25","status":"publish","type":"post","link":"https:\/\/diarioregionaldigital.com.br\/?p=182998","title":{"rendered":"Pr\u00e9-cadastro de pessoas com comorbidades se encerrou nesta ter\u00e7a-feira, 25"},"content":{"rendered":"<p>Nesta ter\u00e7a-feira, dia 25, foi encerrado pela Secretaria de Sa\u00fade (SS) da Prefeitura de Juiz de Fora (PJF) o pr\u00e9-cadastro para pessoas com comorbidades e defici\u00eancia permanente.<\/p>\n<p>Segundo informa\u00e7\u00f5es do site da Prefeitura de Juiz de Fora, como comprovante para as comorbidades podem ser apresentados: atestado m\u00e9dico ou declara\u00e7\u00e3o m\u00e9dica informando a comorbidade, ou receita de um medicamento de uso cont\u00ednuo, usado no tratamento, ou outro documento que identifique o acompanhamento da condi\u00e7\u00e3o cr\u00f4nica ou comorbidade listada. Todos estes t\u00eam que ter sido emitidos h\u00e1, no m\u00e1ximo, 12 meses. Para o caso das pessoas com defici\u00eancia, ser\u00e1 necess\u00e1rio um laudo m\u00e9dico dos \u00faltimos 12 meses que comprove a defici\u00eancia permanente. Al\u00e9m disso, devem ser apresentados, originais e c\u00f3pias, do Documento de Identidade (RG), CPF &#8211; nos casos que o n\u00famero n\u00e3o conste no RG &#8211; e comprovante de resid\u00eancia.<\/p>\n<p>A veracidade das informa\u00e7\u00f5es apresentadas nos atestados, laudos, declara\u00e7\u00f5es ou receitas s\u00e3o de responsabilidade do profissional, sob penas previstas no Art. 299 do C\u00f3digo Penal Brasileiro. Al\u00e9m de tais a\u00e7\u00f5es estarem explicitamente proibidas pelo artigo 80 do C\u00f3digo de \u00c9tica M\u00e9dica. A pessoa que apresentar documenta\u00e7\u00e3o falsa ou adulterada para tentar se vacinar tamb\u00e9m pode sofrer san\u00e7\u00f5es previstas no c\u00f3digo penal brasileiro. Em caso de suspeita ou comprova\u00e7\u00e3o de fraude, as den\u00fancias podem ser feitas na Ouvidoria de Sa\u00fade, onde a quest\u00e3o ser\u00e1 apurada. O telefone da ouvidoria \u00e9 3690-8135.<\/p>\n","protected":false},"excerpt":{"rendered":"<p>Nesta ter\u00e7a-feira, dia 25, foi encerrado pela Secretaria de Sa\u00fade (SS) da Prefeitura de Juiz de Fora (PJF) o pr\u00e9-cadastro para pessoas com comorbidades e defici\u00eancia permanente. Segundo informa\u00e7\u00f5es do site da Prefeitura de Juiz de Fora, como comprovante para as comorbidades podem ser apresentados: atestado m\u00e9dico ou declara\u00e7\u00e3o m\u00e9dica informando a comorbidade, ou receita [&hellip;]<\/p>\n","protected":false},"author":246,"featured_media":182999,"comment_status":"closed","ping_status":"closed","sticky":false,"template":"","format":"standard","meta":{"footnotes":""},"categories":[253,436,439],"tags":[],"class_list":["post-182998","post","type-post","status-publish","format-standard","has-post-thumbnail","hentry","category-cidade","category-destaque-da-semana","category-ultima-hora"],"_links":{"self":[{"href":"https:\/\/diarioregionaldigital.com.br\/index.php?rest_route=\/wp\/v2\/posts\/182998","targetHints":{"allow":["GET"]}}],"collection":[{"href":"https:\/\/diarioregionaldigital.com.br\/index.php?rest_route=\/wp\/v2\/posts"}],"about":[{"href":"https:\/\/diarioregionaldigital.com.br\/index.php?rest_route=\/wp\/v2\/types\/post"}],"author":[{"embeddable":true,"href":"https:\/\/diarioregionaldigital.com.br\/index.php?rest_route=\/wp\/v2\/users\/246"}],"replies":[{"embeddable":true,"href":"https:\/\/diarioregionaldigital.com.br\/index.php?rest_route=%2Fwp%2Fv2%2Fcomments&post=182998"}],"version-history":[{"count":2,"href":"https:\/\/diarioregionaldigital.com.br\/index.php?rest_route=\/wp\/v2\/posts\/182998\/revisions"}],"predecessor-version":[{"id":183001,"href":"https:\/\/diarioregionaldigital.com.br\/index.php?rest_route=\/wp\/v2\/posts\/182998\/revisions\/183001"}],"wp:featuredmedia":[{"embeddable":true,"href":"https:\/\/diarioregionaldigital.com.br\/index.php?rest_route=\/wp\/v2\/media\/182999"}],"wp:attachment":[{"href":"https:\/\/diarioregionaldigital.com.br\/index.php?rest_route=%2Fwp%2Fv2%2Fmedia&parent=182998"}],"wp:term":[{"taxonomy":"category","embeddable":true,"href":"https:\/\/diarioregionaldigital.com.br\/index.php?rest_route=%2Fwp%2Fv2%2Fcategories&post=182998"},{"taxonomy":"post_tag","embeddable":true,"href":"https:\/\/diarioregionaldigital.com.br\/index.php?rest_route=%2Fwp%2Fv2%2Ftags&post=182998"}],"curies":[{"name":"wp","href":"https:\/\/api.w.org\/{rel}","templated":true}]}}