{"id":182995,"date":"2021-05-25T18:23:53","date_gmt":"2021-05-25T21:23:53","guid":{"rendered":"https:\/\/diarioregionaldigital.com.br\/?p=182995"},"modified":"2021-05-25T18:23:53","modified_gmt":"2021-05-25T21:23:53","slug":"quem-alugar-imovel-para-festas-clandestinas-pode-ser-multado-em-r-50-mil-devido-a-novo-projeto-de-lei","status":"publish","type":"post","link":"https:\/\/diarioregionaldigital.com.br\/?p=182995","title":{"rendered":"Quem alugar im\u00f3vel para festas clandestinas pode ser multado em R$ 50 mil devido a novo projeto de lei"},"content":{"rendered":"<p>A Prefeitura de Juiz de Fora (PJF) elaborou um Projeto de Lei que estabelece multas para os respons\u00e1veis por eventos irregulares, tanto organizadores quanto donos de im\u00f3veis nos quais ocorram festas, com o objetivo de coibir a realiza\u00e7\u00e3o de festas clandestinas durante a pandemia. A mensagem do Executivo ser\u00e1 enviada para vota\u00e7\u00e3o na C\u00e2mara Municipal.<\/p>\n<p>Segundo Cidinha Louzada, a secret\u00e1ria de governo, a Prefeitura pretende punir duramente quem alugar im\u00f3veis para a realiza\u00e7\u00e3o de festas clandestinas e quem promover os eventos irregulares. \u201cVimos a necessidade de fazer esse projeto diante do preju\u00edzo que as festas clandestinas causam para a sa\u00fade p\u00fablica, com danos que afetam a popula\u00e7\u00e3o de modo geral, inclusive as pessoas que est\u00e3o respeitando todas as orienta\u00e7\u00f5es\u201d.<br \/>\nOs propriet\u00e1rios ou possuidores de im\u00f3veis utilizados para a realiza\u00e7\u00e3o de festas clandestinas poder\u00e3o ser multados em R$ 50 mil, caso a proposta seja aprovada pelos vereadores. Os organizadores do evento tamb\u00e9m ficar\u00e3o sujeitos a multa do mesmo valor. J\u00e1 os frequentadores ser\u00e3o multados em R$ 1 mil.<\/p>\n<p>Segundo informa\u00e7\u00f5es do site da Prefeitura de Juiz de Fora, se o im\u00f3vel que estiver sediando a festa clandestina tamb\u00e9m seja usado para fins comerciais, al\u00e9m de pagar a multa de R$ 50 mil, o propriet\u00e1rio ter\u00e1 a autoriza\u00e7\u00e3o ou licen\u00e7a para presta\u00e7\u00e3o da atividade cassada. O mesmo acontecer\u00e1 com o organizador que tenha licen\u00e7a do Munic\u00edpio para presta\u00e7\u00e3o de atividades regulares de realiza\u00e7\u00e3o de eventos.<\/p>\n","protected":false},"excerpt":{"rendered":"<p>A Prefeitura de Juiz de Fora (PJF) elaborou um Projeto de Lei que estabelece multas para os respons\u00e1veis por eventos irregulares, tanto organizadores quanto donos de im\u00f3veis nos quais ocorram festas, com o objetivo de coibir a realiza\u00e7\u00e3o de festas clandestinas durante a pandemia. A mensagem do Executivo ser\u00e1 enviada para vota\u00e7\u00e3o na C\u00e2mara Municipal. [&hellip;]<\/p>\n","protected":false},"author":246,"featured_media":182996,"comment_status":"closed","ping_status":"closed","sticky":false,"template":"","format":"standard","meta":{"footnotes":""},"categories":[253,439],"tags":[],"class_list":["post-182995","post","type-post","status-publish","format-standard","has-post-thumbnail","hentry","category-cidade","category-ultima-hora"],"_links":{"self":[{"href":"https:\/\/diarioregionaldigital.com.br\/index.php?rest_route=\/wp\/v2\/posts\/182995","targetHints":{"allow":["GET"]}}],"collection":[{"href":"https:\/\/diarioregionaldigital.com.br\/index.php?rest_route=\/wp\/v2\/posts"}],"about":[{"href":"https:\/\/diarioregionaldigital.com.br\/index.php?rest_route=\/wp\/v2\/types\/post"}],"author":[{"embeddable":true,"href":"https:\/\/diarioregionaldigital.com.br\/index.php?rest_route=\/wp\/v2\/users\/246"}],"replies":[{"embeddable":true,"href":"https:\/\/diarioregionaldigital.com.br\/index.php?rest_route=%2Fwp%2Fv2%2Fcomments&post=182995"}],"version-history":[{"count":1,"href":"https:\/\/diarioregionaldigital.com.br\/index.php?rest_route=\/wp\/v2\/posts\/182995\/revisions"}],"predecessor-version":[{"id":182997,"href":"https:\/\/diarioregionaldigital.com.br\/index.php?rest_route=\/wp\/v2\/posts\/182995\/revisions\/182997"}],"wp:featuredmedia":[{"embeddable":true,"href":"https:\/\/diarioregionaldigital.com.br\/index.php?rest_route=\/wp\/v2\/media\/182996"}],"wp:attachment":[{"href":"https:\/\/diarioregionaldigital.com.br\/index.php?rest_route=%2Fwp%2Fv2%2Fmedia&parent=182995"}],"wp:term":[{"taxonomy":"category","embeddable":true,"href":"https:\/\/diarioregionaldigital.com.br\/index.php?rest_route=%2Fwp%2Fv2%2Fcategories&post=182995"},{"taxonomy":"post_tag","embeddable":true,"href":"https:\/\/diarioregionaldigital.com.br\/index.php?rest_route=%2Fwp%2Fv2%2Ftags&post=182995"}],"curies":[{"name":"wp","href":"https:\/\/api.w.org\/{rel}","templated":true}]}}