{"id":182992,"date":"2021-05-25T18:18:08","date_gmt":"2021-05-25T21:18:08","guid":{"rendered":"https:\/\/diarioregionaldigital.com.br\/?p=182992"},"modified":"2021-05-25T18:18:08","modified_gmt":"2021-05-25T21:18:08","slug":"nesta-quarta-26-a-secretaria-de-saude-amplia-pontos-de-vacinacao-contra-a-covid-19","status":"publish","type":"post","link":"https:\/\/diarioregionaldigital.com.br\/?p=182992","title":{"rendered":"Nesta quarta, 26, a Secretaria de Sa\u00fade amplia pontos de vacina\u00e7\u00e3o contra a Covid-19"},"content":{"rendered":"<p>Nesta quarta-feira, 26, a\u00a0Secretaria de Sa\u00fade (SS) da Prefeitura de Juiz de Fora (PJF) abre mais oito pontos de vacina\u00e7\u00e3o. As Unidades B\u00e1sicas de Sa\u00fade (UBSs) que ir\u00e3o vacinar contra a Covid-19 at\u00e9 a pr\u00f3xima sexta-feira, dia 28, s\u00e3o: UBS Benfica; S\u00e3o Pedro; Santa Luzia; Vila Ideal; Nossa Senhora de Lourdes; Nossa Senhora das Gra\u00e7as; Nossa Senhora Aparecida e Centro Sul. A vacina\u00e7\u00e3o nas UBSs ocorre das 8h \u00e0s 11h; das 13h \u00e0s 16h, continua a vacina\u00e7\u00e3o contra a Influenza, com exce\u00e7\u00e3o das quintas-feiras, em que o atendimento prossegue at\u00e9 \u00e0s 14h.<\/p>\n<p>Segundo informa\u00e7\u00f5es do site da Prefeitura de Juiz de Fora, as UBSs n\u00e3o ter\u00e1 a divis\u00e3o por idades, como acontece no Sport Club Juiz de Fora e no Restaurante Universit\u00e1rio (RU) do Centro, sendo mantido as faixas et\u00e1rias do dia. Autistas, pessoas com S\u00edndrome de Down e com paralisia cerebral, de qualquer idade acima de 18 anos, ser\u00e3o vacinados na na Associa\u00e7\u00e3o de Livre Apoio aos Excepcionais (Alae), nesta quarta-feira, das 9h \u00e0s 16h. J\u00e1 as gr\u00e1vidas e pu\u00e9rperas com comorbidades, maiores de 18 anos, continuam a ser imunizadas no Sport Club Juiz de Fora.<\/p>\n<p><b>Vacina\u00e7\u00e3o contra a Covid-19 at\u00e9 sexta-feira, dia 28:<\/b><\/p>\n<p>*Quarta-feira, dia 26:<\/p>\n<p>Pessoas com S\u00edndrome de Down, paralisia cerebral e autistas, de qualquer idade acima de 18 anos &#8211; Alae &#8211; das 9h \u00e0s 16h.<\/p>\n<p>Gr\u00e1vidas e pu\u00e9rperas com comorbidades, de qualquer idade acima de 18 anos &#8211; Sport Club Juiz de Fora &#8211; das 8h \u00e0s 16h.<\/p>\n<p>Pessoas com comorbidades e defici\u00eancia permanente<br \/>\nRU &#8211; 28 e 29 anos &#8211; das 9h \u00e0s 16h<br \/>\nSport Club &#8211; 30 e 31 anos &#8211; das 8h \u00e0s 16h<br \/>\nUBSs* -28 a 31 anos &#8211; de 8h \u00e0s 11h<\/p>\n<p>*Quinta-feira, dia 27<\/p>\n<p>Gr\u00e1vidas e pu\u00e9rperas com comorbidades, de qualquer idade acima de 18 anos &#8211; Sport Club Juiz de Fora &#8211; das 8h \u00e0s 16h.<\/p>\n<p>Pessoas com comorbidades e defici\u00eancia permanente<br \/>\nRU &#8211; 24 e 25 anos &#8211; das 9h \u00e0s 16h<br \/>\nSport Club 26 e 27 anos &#8211; das 8h \u00e0s 16h<br \/>\nUBSs* -24 a 27 anos &#8211; das 8h \u00e0s 11h<\/p>\n<p>*Sexta-feira, dia 28<\/p>\n<p>Gr\u00e1vidas e pu\u00e9rperas com comorbidades, de qualquer idade acima de 18 anos &#8211; Sport Club Juiz de Fora &#8211; das 8h \u00e0s 16h.<\/p>\n<p>Pessoas com comorbidades e defici\u00eancia permanente<br \/>\nRU &#8211; 18, 19 e 20 anos &#8211; das 9h \u00e0s 16h<br \/>\nSport Club: 21, 22 e 23 anos &#8211; das 8h \u00e0s 16h<br \/>\nUBSs* -18 a 21 anos &#8211; das 8h \u00e0s 11h.<\/p>\n<p>*UBSs que far\u00e3o a vacina\u00e7\u00e3o Covid-19 essa semana:<\/p>\n<p>1) UBS Benfica;<br \/>\n2) UBS Centro Sul;<br \/>\n3) UBS Nossa Senhora Aparecida;<br \/>\n4) UBS Nossa Senhora das Gra\u00e7as;<br \/>\n5) UBS Bairro de Lourdes;<br \/>\n6) UBS Vila Ideal;<br \/>\n7) UBS S\u00e3o Pedro;<br \/>\n8) UBS Santa Luzia.<\/p>\n<p><b>Confira os endere\u00e7os das UBS que vacinam contra a Covid-19<\/b><\/p>\n<p>1. UBS Benfica &#8211; Rua Guararapes, 106;<br \/>\n2. UBS Centro Sul &#8211; Avenida Rio Branco, 3132;<br \/>\n3. UBS Nossa Senhora Aparecida &#8211; Rua Nossa Senhora Aparecida, 775;<br \/>\n4. UBS Nossa Senhora das Gra\u00e7as &#8211; Rua Queluz 72;<br \/>\n5. UBS Nossa Senhora de Lourdes &#8211; Rua In\u00e1cio Gama, 813;<br \/>\n6. UBS Vila Ideal &#8211; Avenida Francisco Valadares, 1910;<br \/>\n7. UBS S\u00e3o Pedro &#8211; Rua Jo\u00e3o Louren\u00e7o Kelmer, 1.433;<br \/>\n8. UBS Santa Luzia &#8211; Rua Torre\u00f5es, s\/n\u00ba.<\/p>\n","protected":false},"excerpt":{"rendered":"<p>Nesta quarta-feira, 26, a\u00a0Secretaria de Sa\u00fade (SS) da Prefeitura de Juiz de Fora (PJF) abre mais oito pontos de vacina\u00e7\u00e3o. As Unidades B\u00e1sicas de Sa\u00fade (UBSs) que ir\u00e3o vacinar contra a Covid-19 at\u00e9 a pr\u00f3xima sexta-feira, dia 28, s\u00e3o: UBS Benfica; S\u00e3o Pedro; Santa Luzia; Vila Ideal; Nossa Senhora de Lourdes; Nossa Senhora das Gra\u00e7as; [&hellip;]<\/p>\n","protected":false},"author":246,"featured_media":182993,"comment_status":"closed","ping_status":"closed","sticky":false,"template":"","format":"standard","meta":{"footnotes":""},"categories":[253,440,439],"tags":[],"class_list":["post-182992","post","type-post","status-publish","format-standard","has-post-thumbnail","hentry","category-cidade","category-destaques-do-dia","category-ultima-hora"],"_links":{"self":[{"href":"https:\/\/diarioregionaldigital.com.br\/index.php?rest_route=\/wp\/v2\/posts\/182992","targetHints":{"allow":["GET"]}}],"collection":[{"href":"https:\/\/diarioregionaldigital.com.br\/index.php?rest_route=\/wp\/v2\/posts"}],"about":[{"href":"https:\/\/diarioregionaldigital.com.br\/index.php?rest_route=\/wp\/v2\/types\/post"}],"author":[{"embeddable":true,"href":"https:\/\/diarioregionaldigital.com.br\/index.php?rest_route=\/wp\/v2\/users\/246"}],"replies":[{"embeddable":true,"href":"https:\/\/diarioregionaldigital.com.br\/index.php?rest_route=%2Fwp%2Fv2%2Fcomments&post=182992"}],"version-history":[{"count":1,"href":"https:\/\/diarioregionaldigital.com.br\/index.php?rest_route=\/wp\/v2\/posts\/182992\/revisions"}],"predecessor-version":[{"id":182994,"href":"https:\/\/diarioregionaldigital.com.br\/index.php?rest_route=\/wp\/v2\/posts\/182992\/revisions\/182994"}],"wp:featuredmedia":[{"embeddable":true,"href":"https:\/\/diarioregionaldigital.com.br\/index.php?rest_route=\/wp\/v2\/media\/182993"}],"wp:attachment":[{"href":"https:\/\/diarioregionaldigital.com.br\/index.php?rest_route=%2Fwp%2Fv2%2Fmedia&parent=182992"}],"wp:term":[{"taxonomy":"category","embeddable":true,"href":"https:\/\/diarioregionaldigital.com.br\/index.php?rest_route=%2Fwp%2Fv2%2Fcategories&post=182992"},{"taxonomy":"post_tag","embeddable":true,"href":"https:\/\/diarioregionaldigital.com.br\/index.php?rest_route=%2Fwp%2Fv2%2Ftags&post=182992"}],"curies":[{"name":"wp","href":"https:\/\/api.w.org\/{rel}","templated":true}]}}