{"id":182989,"date":"2021-05-25T17:38:30","date_gmt":"2021-05-25T20:38:30","guid":{"rendered":"https:\/\/diarioregionaldigital.com.br\/?p=182989"},"modified":"2021-05-25T17:38:30","modified_gmt":"2021-05-25T20:38:30","slug":"modalidade-park-do-skate-fecha-selecao-para-toquio-no-dew-tour-100-sao-integrantes-do-bolsa-atleta","status":"publish","type":"post","link":"https:\/\/diarioregionaldigital.com.br\/?p=182989","title":{"rendered":"Modalidade Park do skate fecha sele\u00e7\u00e3o para T\u00f3quio no Dew Tour: 100% s\u00e3o integrantes do Bolsa Atleta"},"content":{"rendered":"<p>O skate brasileiro fechou as finais do Dew Tour, neste domingo (23), com dobradinha no p\u00f3dio do Street feminino e a defini\u00e7\u00e3o da equipe de Park para os Jogos Ol\u00edmpicos de T\u00f3quio. O Street feminino ficou bem pr\u00f3ximo de ocupar os tr\u00eas primeiros lugares no p\u00f3dio, com P\u00e2mela Rosa campe\u00e3, Rayssa Leal em segundo e Let\u00edcia Bufoni na quarta posi\u00e7\u00e3o. O terceiro lugar ficou com a holandesa Roos Zwetsloot.<\/p>\n<p>O evento realizado em Des Moines, nos Estados Unidos, simbolizou, ainda, a \u00faltima competi\u00e7\u00e3o da corrida ol\u00edmpica da categoria Park. A equipe brasileira obteve o limite m\u00e1ximo de seis vagas em T\u00f3quio. Luiz Francisco, Pedro Barros, Pedro Quintas, Dora Varella, Isadora Pacheco e Yndiara Asp s\u00e3o os nomes que representar\u00e3o o Brasil nos Jogos de T\u00f3quio.<\/p>\n<p>Os seis atletas s\u00e3o integrantes do Bolsa Atleta, programa de patroc\u00ednio individual do Governo Federal Brasileiro, executado pela Secretaria Especial do Esporte do Minist\u00e9rio da Cidadania. Cinco s\u00e3o integrantes da categoria P\u00f3dio, a principal do programa, e Pedro Quintas pertence \u00e0 categoria Internacional.<\/p>\n<p>\u201cEstamos desde 2018 nessa corrida. Muita coisa aconteceu. Ficamos um ano inteiro sem competir em fun\u00e7\u00e3o da pandemia. De repente, surge essa competi\u00e7\u00e3o como \u00faltima classificat\u00f3ria. Foi um mix de emo\u00e7\u00e3o, tens\u00e3o e nervosismo. Eu estava nas qualificat\u00f3rias. Tinha de chegar \u00e0 semi. Dei minha primeira volta e acabei errando. Transferiram a segunda para o dia seguinte. Foi uma noite de nervosismo e ansiedade, mas consegui. Deu um al\u00edvio e uma felicidade muito grande. Essa classifica\u00e7\u00e3o \u00e9 muito especial\u201d, celebra a catarinense Yndiara Asp, de 23 anos.<\/p>\n<p>\u201cD\u00e1 um al\u00edvio saber que a gente est\u00e1 classificada para as Olimp\u00edadas e que vou estar ao lado da Yndi e da Dora. N\u00e3o poderiam ter sido outras pessoas para compartilhar esse sonho. A gente est\u00e1 junto desde a primeira caminhada, do primeiro mundial, da primeira viagem internacional. A gente sempre procura torcer uma para a outra, manter a uni\u00e3o, o amor. A gente nunca se trata como rivais\u201d, disse Isadora Pacheco, de 16 anos e tamb\u00e9m de Florian\u00f3polis (SC).<\/p>\n<p>Com a defini\u00e7\u00e3o da equipe de Park, o Brasil chegou a 230 vagas confirmadas em T\u00f3quio em 27 modalidades, segundo informa\u00e7\u00f5es do Comit\u00ea Ol\u00edmpico do Brasil. Das 230, 81 j\u00e1 contam com nome e sobrenome confirmados. As demais dependem de convoca\u00e7\u00f5es ou confirma\u00e7\u00f5es das confedera\u00e7\u00f5es. Desse universo, 76 s\u00e3o integrantes do Bolsa Atleta (93,8%). S\u00e3o 49 da categoria P\u00f3dio, 13 da Categoria Ol\u00edmpica, 11 da Internacional e 3 da Nacional. O investimento do Governo Federal via Bolsa Atleta nas 27 modalidades qualificadadas para T\u00f3quio \u00e9 de R$ 181,8 milh\u00f5es.<\/p>\n<p><strong>Mundial, \u00faltima etapa<\/strong><\/p>\n<p>No Street, o Dew Tour foi o pen\u00faltimo evento da corrida classificat\u00f3ria para os Jogos de T\u00f3quio. A competi\u00e7\u00e3o que definir\u00e1 as vagas ol\u00edmpicas ser\u00e1 o Mundial de Roma, de 31 de maio a 6 junho.<\/p>\n<p>\u201cEu fico muito feliz de poder representar bem o nosso pa\u00eds. Gra\u00e7as a Deus consegui dar o melhor aqui nos EUA e agora \u00e9 me preparar para Roma. Vamos com tudo. \u00c9 a \u00faltima competi\u00e7\u00e3o antes das Olimp\u00edadas, \u00e9 a que d\u00e1 o t\u00edtulo mundial. Vou com vontade e feliz para dar o melhor\u201d, destaca P\u00e2mela Rosa.<\/p>\n<p>\u201cEstou muito feliz por toda a vibe da galera, todo mundo torcendo. Estava ansiosa por esse campeonato e vem a\u00ed o Mundial. Estou muito preparada e ansiosa tamb\u00e9m\u201d, comenta Rayssa Leal.<\/p>\n<p>\u201cO campeonato foi incr\u00edvel. As meninas estavam andando super bem. Estou feliz pela P\u00e2mela e pela Rayssa, que ficaram no p\u00f3dio, levantaram nossa bandeira. A gente fez um combinado que a gente queria um p\u00f3dio total brasileiro. Infelizmente n\u00e3o deu por pouco, mas ainda tem Roma. Quem sabe l\u00e1 a gente consegue\u201d, completa Leticia Bufoni.<\/p>\n<p>Fonte: Rededoesporte \/ Confedera\u00e7\u00e3o Brasileira de Skate<\/p>\n","protected":false},"excerpt":{"rendered":"<p>O skate brasileiro fechou as finais do Dew Tour, neste domingo (23), com dobradinha no p\u00f3dio do Street feminino e a defini\u00e7\u00e3o da equipe de Park para os Jogos Ol\u00edmpicos de T\u00f3quio. O Street feminino ficou bem pr\u00f3ximo de ocupar os tr\u00eas primeiros lugares no p\u00f3dio, com P\u00e2mela Rosa campe\u00e3, Rayssa Leal em segundo e [&hellip;]<\/p>\n","protected":false},"author":246,"featured_media":182990,"comment_status":"closed","ping_status":"closed","sticky":false,"template":"","format":"standard","meta":{"footnotes":""},"categories":[436,257,439],"tags":[],"class_list":["post-182989","post","type-post","status-publish","format-standard","has-post-thumbnail","hentry","category-destaque-da-semana","category-esporte","category-ultima-hora"],"_links":{"self":[{"href":"https:\/\/diarioregionaldigital.com.br\/index.php?rest_route=\/wp\/v2\/posts\/182989","targetHints":{"allow":["GET"]}}],"collection":[{"href":"https:\/\/diarioregionaldigital.com.br\/index.php?rest_route=\/wp\/v2\/posts"}],"about":[{"href":"https:\/\/diarioregionaldigital.com.br\/index.php?rest_route=\/wp\/v2\/types\/post"}],"author":[{"embeddable":true,"href":"https:\/\/diarioregionaldigital.com.br\/index.php?rest_route=\/wp\/v2\/users\/246"}],"replies":[{"embeddable":true,"href":"https:\/\/diarioregionaldigital.com.br\/index.php?rest_route=%2Fwp%2Fv2%2Fcomments&post=182989"}],"version-history":[{"count":1,"href":"https:\/\/diarioregionaldigital.com.br\/index.php?rest_route=\/wp\/v2\/posts\/182989\/revisions"}],"predecessor-version":[{"id":182991,"href":"https:\/\/diarioregionaldigital.com.br\/index.php?rest_route=\/wp\/v2\/posts\/182989\/revisions\/182991"}],"wp:featuredmedia":[{"embeddable":true,"href":"https:\/\/diarioregionaldigital.com.br\/index.php?rest_route=\/wp\/v2\/media\/182990"}],"wp:attachment":[{"href":"https:\/\/diarioregionaldigital.com.br\/index.php?rest_route=%2Fwp%2Fv2%2Fmedia&parent=182989"}],"wp:term":[{"taxonomy":"category","embeddable":true,"href":"https:\/\/diarioregionaldigital.com.br\/index.php?rest_route=%2Fwp%2Fv2%2Fcategories&post=182989"},{"taxonomy":"post_tag","embeddable":true,"href":"https:\/\/diarioregionaldigital.com.br\/index.php?rest_route=%2Fwp%2Fv2%2Ftags&post=182989"}],"curies":[{"name":"wp","href":"https:\/\/api.w.org\/{rel}","templated":true}]}}