{"id":182986,"date":"2021-05-25T17:34:26","date_gmt":"2021-05-25T20:34:26","guid":{"rendered":"https:\/\/diarioregionaldigital.com.br\/?p=182986"},"modified":"2021-05-25T17:34:26","modified_gmt":"2021-05-25T20:34:26","slug":"como-preparacao-para-toquio-alison-santos-vence-prova-nao-olimpica-com-marca-proxima-do-recorde-mundial","status":"publish","type":"post","link":"https:\/\/diarioregionaldigital.com.br\/?p=182986","title":{"rendered":"Como prepara\u00e7\u00e3o para T\u00f3quio, Alison Santos vence prova n\u00e3o ol\u00edmpica com marca pr\u00f3xima do recorde mundial"},"content":{"rendered":"<p>Recordista sul-americano dos 400m com barreiras, com 47s68, marca obtida em 9 de maio na Calif\u00f3rnia, Alison Santos participou neste domingo (23.05) do Adidas-Boost, em Boston, nos Estados Unidos. L\u00e1, ele correu uma prova n\u00e3o ol\u00edmpica, os 200m com barreiras, em sua prepara\u00e7\u00e3o para os Jogos de T\u00f3quio, de 23 de julho a 8 de agosto.<\/p>\n<p>Grande nome do atletismo da Am\u00e9rica do Sul neste ano, o paulista de S\u00e3o Joaquim da Barra, de 20 anos, venceu com 22s12, superando o norte-americano Amere Littin, que completou em 22s18. &#8220;Quase!&#8221;, comentou o treinador Felipe de Siqueira, em refer\u00eancia ao tempo de Alison, muito pr\u00f3ximo do recorde mundial da prova (22s10).<\/p>\n<p>A melhor marca anterior sul-americana nos 200m com barreiras era de 24s93, do tamb\u00e9m brasileiro Thiago Nogueira Souza, registrada em 2008. Alison est\u00e1 desde mar\u00e7o no Camping Internacional de Treinamento e Competi\u00e7\u00f5es em Chula Vista, condado de San Diego.<\/p>\n<p>Neste per\u00edodo, bateu o recorde sul-americano dos 400m com barreiras e obteve a melhor marca do ano no Ranking Brasileiro dos 400m, com 45s78, no dia 3 de abril, em Chula Vista. Com o resultado, foi convocado para defender o Brasil na equipe do 4 x 400m misto no Mundial de Revezamentos da Sil\u00e9sia, nos dias 1 e 2 de maio, na Pol\u00f4nia. Ele foi fundamental para a conquista da prata da equipe brasileira na competi\u00e7\u00e3o.<\/p>\n<p>Agora, Alison est\u00e1 inscrito nos 400m com barreiras da etapa de Doha, no Catar, da Liga Diamante, o principal circuito de competi\u00e7\u00f5es da World Athletics, que ser\u00e1 disputada na sexta-feira (28.05).<\/p>\n<p>Alison \u00e9 integrante da categoria P\u00f3dio, a principal do Bolsa Atleta, programa de patroc\u00ednio individual do Governo Federal Brasileiro, executado pela Secretaria Especial do Esporte do Minist\u00e9rio da Cidadania.<\/p>\n<p>Fonte: Confedera\u00e7\u00e3o Brasileira da Atletismo (CBAt)<\/p>\n<p>&nbsp;<\/p>\n","protected":false},"excerpt":{"rendered":"<p>Recordista sul-americano dos 400m com barreiras, com 47s68, marca obtida em 9 de maio na Calif\u00f3rnia, Alison Santos participou neste domingo (23.05) do Adidas-Boost, em Boston, nos Estados Unidos. L\u00e1, ele correu uma prova n\u00e3o ol\u00edmpica, os 200m com barreiras, em sua prepara\u00e7\u00e3o para os Jogos de T\u00f3quio, de 23 de julho a 8 de [&hellip;]<\/p>\n","protected":false},"author":246,"featured_media":182987,"comment_status":"closed","ping_status":"closed","sticky":false,"template":"","format":"standard","meta":{"footnotes":""},"categories":[436,257,439],"tags":[],"class_list":["post-182986","post","type-post","status-publish","format-standard","has-post-thumbnail","hentry","category-destaque-da-semana","category-esporte","category-ultima-hora"],"_links":{"self":[{"href":"https:\/\/diarioregionaldigital.com.br\/index.php?rest_route=\/wp\/v2\/posts\/182986","targetHints":{"allow":["GET"]}}],"collection":[{"href":"https:\/\/diarioregionaldigital.com.br\/index.php?rest_route=\/wp\/v2\/posts"}],"about":[{"href":"https:\/\/diarioregionaldigital.com.br\/index.php?rest_route=\/wp\/v2\/types\/post"}],"author":[{"embeddable":true,"href":"https:\/\/diarioregionaldigital.com.br\/index.php?rest_route=\/wp\/v2\/users\/246"}],"replies":[{"embeddable":true,"href":"https:\/\/diarioregionaldigital.com.br\/index.php?rest_route=%2Fwp%2Fv2%2Fcomments&post=182986"}],"version-history":[{"count":1,"href":"https:\/\/diarioregionaldigital.com.br\/index.php?rest_route=\/wp\/v2\/posts\/182986\/revisions"}],"predecessor-version":[{"id":182988,"href":"https:\/\/diarioregionaldigital.com.br\/index.php?rest_route=\/wp\/v2\/posts\/182986\/revisions\/182988"}],"wp:featuredmedia":[{"embeddable":true,"href":"https:\/\/diarioregionaldigital.com.br\/index.php?rest_route=\/wp\/v2\/media\/182987"}],"wp:attachment":[{"href":"https:\/\/diarioregionaldigital.com.br\/index.php?rest_route=%2Fwp%2Fv2%2Fmedia&parent=182986"}],"wp:term":[{"taxonomy":"category","embeddable":true,"href":"https:\/\/diarioregionaldigital.com.br\/index.php?rest_route=%2Fwp%2Fv2%2Fcategories&post=182986"},{"taxonomy":"post_tag","embeddable":true,"href":"https:\/\/diarioregionaldigital.com.br\/index.php?rest_route=%2Fwp%2Fv2%2Ftags&post=182986"}],"curies":[{"name":"wp","href":"https:\/\/api.w.org\/{rel}","templated":true}]}}