{"id":182982,"date":"2021-05-25T17:32:25","date_gmt":"2021-05-25T20:32:25","guid":{"rendered":"https:\/\/diarioregionaldigital.com.br\/?p=182982"},"modified":"2021-05-25T17:32:25","modified_gmt":"2021-05-25T20:32:25","slug":"selecao-paralimpica-de-tenis-de-mesa-realiza-semana-de-preparacao-intensiva-para-toquio","status":"publish","type":"post","link":"https:\/\/diarioregionaldigital.com.br\/?p=182982","title":{"rendered":"Sele\u00e7\u00e3o paral\u00edmpica de t\u00eanis de mesa realiza semana de prepara\u00e7\u00e3o intensiva para T\u00f3quio"},"content":{"rendered":"<p>A prepara\u00e7\u00e3o da Sele\u00e7\u00e3o Brasileira segue intensa para os Jogos Paral\u00edmpicos de T\u00f3quio. Durante toda esta semana, at\u00e9 sexta-feira (28.05), 13 atletas da equipe nacional treinam no CT Paral\u00edmpico Brasileiro, na cidade de S\u00e3o Paulo (SP), no segundo per\u00edodo intensivo da temporada 2021. Convocados e postulantes a T\u00f3quio se unem a atletas de n\u00edvel alto da modalidade com o objetivo de reproduzir situa\u00e7\u00f5es de jogo de olho na competi\u00e7\u00e3o. O segredo ser\u00e1 a diversidade de caracter\u00edsticas, que dar\u00e1 aos mesatenistas maiores possibilidades de improvisa\u00e7\u00e3o durante as partidas.<\/p>\n<p>Bruna Alexandre (classe 10), C\u00e1tia Oliveira (classe 2), Dani Rauen (classe 9), Jennyfer Parinos (classe 9), Joyce Oliveira (classe 4) e Marliane Santos (classe 3) comp\u00f5em a equipe feminina. Carlos Carbinatti (classe 10), F\u00e1bio da Silva (classe 3), Guilherme Costa (classe 2), Israel Stroh (classe 7), Luiz Filipe Manara (classe 8), Paulo Salmin (classe 7) e Welder Knaf (classe 3) foram os convocados para a masculina.<\/p>\n<p>Para ajudar na diversifica\u00e7\u00e3o dos treinamentos, integram a lista os sparrings Athyla Donon, Gustavo de Souza, Gustavo Kodama, Isaac Zauli, Maiza Mora e Thiago Pradella. Paulo Molitor, Alexandre Ghizi, Andrews Martins e Celso Toshimi s\u00e3o os treinadores, juntamente com o preparador f\u00edsico Felipe Alves e Tayn\u00e1 Campos, que integra o staff.<\/p>\n<p>Com atividades em dois per\u00edodos de segunda a sexta-feira, o grupo re\u00fane atletas canhotos e destros, que utilizam em suas raquetes diferentes tipos de borracha e com estilos distintos. \u201cComo a gente n\u00e3o vai ter mais eventos, s\u00f3 a Paralimp\u00edada de T\u00f3quio, estamos focando em simular jogos de duplas, de equipes e individuais. A menos de 100 dias da competi\u00e7\u00e3o, \u00e9 importante aproveitar este grupo. Esta vai ser nossa din\u00e2mica\u201d, comenta o t\u00e9cnico Paulo Molitor.<\/p>\n<p>Em alto n\u00edvel e ritmo forte, a inten\u00e7\u00e3o da comiss\u00e3o t\u00e9cnica \u00e9 fazer um mini-torneio entre os atletas na sexta-feira (29.05), depois dos jogos ao longo da semana. \u201cVai depender do cansa\u00e7o de cada um, se vai acontecer alguma coisa\u201d, completa Molitor. Para al\u00e9m da prepara\u00e7\u00e3o para T\u00f3quio, ele pensa tamb\u00e9m em garantir boas condi\u00e7\u00f5es para os que ainda disputam vaga na Paralimp\u00edada por meio da Seletiva da Eslov\u00eania, exemplo de Jennyfer Parinos.<\/p>\n<p>\u201cEsta semana \u00e9 mais importante para a quest\u00e3o mental. Como ela tamb\u00e9m vai fazer parte dos treinamentos, vamos individualizar e aproveitar a variedade de atletas para fazer mais jogos com ela\u201d, refor\u00e7a Molitor sobre a mesatenista da classe 9. \u201cAs partes t\u00e9cnica e f\u00edsica j\u00e1 finalizamos. Agora, o foco \u00e9 na parte mental. Estamos tendo muitas conversas sobre isso e s\u00e3o muitos jogos na Seletiva para garantir a vaga para T\u00f3quio. Estamos trabalhando muito\u201d, finaliza.<\/p>\n<p>Fonte: Confedera\u00e7\u00e3o Brasileira de T\u00eanis de Mesa<\/p>\n","protected":false},"excerpt":{"rendered":"<p>A prepara\u00e7\u00e3o da Sele\u00e7\u00e3o Brasileira segue intensa para os Jogos Paral\u00edmpicos de T\u00f3quio. Durante toda esta semana, at\u00e9 sexta-feira (28.05), 13 atletas da equipe nacional treinam no CT Paral\u00edmpico Brasileiro, na cidade de S\u00e3o Paulo (SP), no segundo per\u00edodo intensivo da temporada 2021. Convocados e postulantes a T\u00f3quio se unem a atletas de n\u00edvel alto [&hellip;]<\/p>\n","protected":false},"author":246,"featured_media":182983,"comment_status":"closed","ping_status":"closed","sticky":false,"template":"","format":"standard","meta":{"footnotes":""},"categories":[436,257,439],"tags":[],"class_list":["post-182982","post","type-post","status-publish","format-standard","has-post-thumbnail","hentry","category-destaque-da-semana","category-esporte","category-ultima-hora"],"_links":{"self":[{"href":"https:\/\/diarioregionaldigital.com.br\/index.php?rest_route=\/wp\/v2\/posts\/182982","targetHints":{"allow":["GET"]}}],"collection":[{"href":"https:\/\/diarioregionaldigital.com.br\/index.php?rest_route=\/wp\/v2\/posts"}],"about":[{"href":"https:\/\/diarioregionaldigital.com.br\/index.php?rest_route=\/wp\/v2\/types\/post"}],"author":[{"embeddable":true,"href":"https:\/\/diarioregionaldigital.com.br\/index.php?rest_route=\/wp\/v2\/users\/246"}],"replies":[{"embeddable":true,"href":"https:\/\/diarioregionaldigital.com.br\/index.php?rest_route=%2Fwp%2Fv2%2Fcomments&post=182982"}],"version-history":[{"count":2,"href":"https:\/\/diarioregionaldigital.com.br\/index.php?rest_route=\/wp\/v2\/posts\/182982\/revisions"}],"predecessor-version":[{"id":182985,"href":"https:\/\/diarioregionaldigital.com.br\/index.php?rest_route=\/wp\/v2\/posts\/182982\/revisions\/182985"}],"wp:featuredmedia":[{"embeddable":true,"href":"https:\/\/diarioregionaldigital.com.br\/index.php?rest_route=\/wp\/v2\/media\/182983"}],"wp:attachment":[{"href":"https:\/\/diarioregionaldigital.com.br\/index.php?rest_route=%2Fwp%2Fv2%2Fmedia&parent=182982"}],"wp:term":[{"taxonomy":"category","embeddable":true,"href":"https:\/\/diarioregionaldigital.com.br\/index.php?rest_route=%2Fwp%2Fv2%2Fcategories&post=182982"},{"taxonomy":"post_tag","embeddable":true,"href":"https:\/\/diarioregionaldigital.com.br\/index.php?rest_route=%2Fwp%2Fv2%2Ftags&post=182982"}],"curies":[{"name":"wp","href":"https:\/\/api.w.org\/{rel}","templated":true}]}}