{"id":182979,"date":"2021-05-25T17:27:49","date_gmt":"2021-05-25T20:27:49","guid":{"rendered":"https:\/\/diarioregionaldigital.com.br\/?p=182979"},"modified":"2021-05-25T17:27:49","modified_gmt":"2021-05-25T20:27:49","slug":"daniel-nascimento-faz-indice-olimpico-em-sua-estreia-na-maratona","status":"publish","type":"post","link":"https:\/\/diarioregionaldigital.com.br\/?p=182979","title":{"rendered":"Daniel Nascimento faz \u00edndice ol\u00edmpico em sua estreia na maratona"},"content":{"rendered":"<p>O fundista Daniel Ferreira do Nascimento estreou na maratona e, de cara, na primeira prova de sua carreira, obteve o \u00edndice ol\u00edmpico neste domingo (23.05), ao completar os 42,195 km em 2h09min04s no Campeonato Nacional de Maratona &#8220;El Bicentenario del Per\u00fa&#8221;, no Circuito de Praias, entre os distritos de San Miguel e Magdalena. A prova foi organizada pela Federa\u00e7\u00e3o Desportiva Peruana de Atletismo. Foi a melhor estreia de um sul-americano na dist\u00e2ncia na hist\u00f3ria. O segundo colocado foi Ulises Jhamer Martin (2h13min28) e o terceiro John Deivis Tello (2h14min19s).<\/p>\n<p>Daniel bateu em mais de dois minutos o \u00edndice exigido pela World Athletics para a qualifica\u00e7\u00e3o nos Jogos de T\u00f3quio, que \u00e9 2h11min30s. A maratona ol\u00edmpica ser\u00e1 disputada em Sapporo, no Jap\u00e3o. O atleta \u00e9 integrantes da categoria Nacional do Bolsa Atleta, programa de patroc\u00ednio individual do Governo Federal executado pela Secretaria Especial do Esporte do Minist\u00e9rio da Cidadania.<\/p>\n<p>O treinador Neto Gon\u00e7alves disse que havia o planejamento para Daniel correr uma maratona este ano, mas que as provas foram sendo canceladas em fun\u00e7\u00e3o da pandemia da COVID-19. Daniel decidiu ir para o Qu\u00eania \u2013 ficou 42 dias treinando na cidade Iten, a 2.400m de altitude.<\/p>\n<p>\u201cEle sempre quis ir para o Qu\u00eania, aprender, treinar com eles, com alguns dos melhores fundistas do mundo. Fechou um patroc\u00ednio para as passagens e foi para o Qu\u00eania. L\u00e1, surgiu a oportunidade de correr essa maratona no Peru, foi e baixou em dois minutos o \u00edndice\u201d, disse Neto.<\/p>\n<p>A marca de Daniel \u00e9 a quinta melhor da hist\u00f3ria na Am\u00e9rica do Sul, atr\u00e1s de outros quatro brasileiros: Ronaldo da Costa (2h06min05s), em Berlim; Marilson Gomes dos Santos (2h06min34s), em Londres; Vanderlei Cordeiro de Lima (2h08min31s), em T\u00f3quio; e Luiz Ant\u00f4nio dos Santos (2h08min55s), em Roterd\u00e3. O resultado \u00e9 tamb\u00e9m o melhor da hist\u00f3ria alcan\u00e7ado em competi\u00e7\u00e3o na Am\u00e9rica do Sul.<\/p>\n<p>Daniel, que nasceu em Paragua\u00e7u Paulista, treina em Bauru e na cidade de Fern\u00e3o, onde mora sua m\u00e3e. Est\u00e1 com Neto Gon\u00e7alves desde maio de 2019. Entre os resultados mais recentes de Daniel est\u00e3o o de brasileiro melhor colocado na S\u00e3o Silvestre 2019, com o 11\u00ba lugar.<\/p>\n<p>Em 2020, o atleta foi campe\u00e3o da 14\u00aa Meia Maratona de S\u00e3o Paulo, o que garantiu a ele vaga no Mundial de Meia Maratona, na Pol\u00f4nia, no qual ficou na 93\u00aa coloca\u00e7\u00e3o. Daniel tamb\u00e9m representou o Brasil na Copa Pan-Americana de Cross Country, no Canad\u00e1, onde conquistou o 8\u00ba lugar, depois de conquistar o t\u00edtulo brasileiro em Serra (ES).<\/p>\n<p>Com a qualifica\u00e7\u00e3o de Daniel, o Brasil passa a ter tr\u00eas atletas classificados para os Jogos Ol\u00edmpicos na maratona. J\u00e1 t\u00eam \u00edndices Paulo Roberto de Almeida Paula (2h10min08s) e Daniel Chaves da Silva (2h11min10s). O prazo para obten\u00e7\u00e3o de tempos termina em 31 de maio.<\/p>\n<p>Fonte: Confedera\u00e7\u00e3o Brasileira de Atletismo (CBAt)<\/p>\n","protected":false},"excerpt":{"rendered":"<p>O fundista Daniel Ferreira do Nascimento estreou na maratona e, de cara, na primeira prova de sua carreira, obteve o \u00edndice ol\u00edmpico neste domingo (23.05), ao completar os 42,195 km em 2h09min04s no Campeonato Nacional de Maratona &#8220;El Bicentenario del Per\u00fa&#8221;, no Circuito de Praias, entre os distritos de San Miguel e Magdalena. A prova [&hellip;]<\/p>\n","protected":false},"author":246,"featured_media":182980,"comment_status":"closed","ping_status":"closed","sticky":false,"template":"","format":"standard","meta":{"footnotes":""},"categories":[436,257,439],"tags":[],"class_list":["post-182979","post","type-post","status-publish","format-standard","has-post-thumbnail","hentry","category-destaque-da-semana","category-esporte","category-ultima-hora"],"_links":{"self":[{"href":"https:\/\/diarioregionaldigital.com.br\/index.php?rest_route=\/wp\/v2\/posts\/182979","targetHints":{"allow":["GET"]}}],"collection":[{"href":"https:\/\/diarioregionaldigital.com.br\/index.php?rest_route=\/wp\/v2\/posts"}],"about":[{"href":"https:\/\/diarioregionaldigital.com.br\/index.php?rest_route=\/wp\/v2\/types\/post"}],"author":[{"embeddable":true,"href":"https:\/\/diarioregionaldigital.com.br\/index.php?rest_route=\/wp\/v2\/users\/246"}],"replies":[{"embeddable":true,"href":"https:\/\/diarioregionaldigital.com.br\/index.php?rest_route=%2Fwp%2Fv2%2Fcomments&post=182979"}],"version-history":[{"count":1,"href":"https:\/\/diarioregionaldigital.com.br\/index.php?rest_route=\/wp\/v2\/posts\/182979\/revisions"}],"predecessor-version":[{"id":182981,"href":"https:\/\/diarioregionaldigital.com.br\/index.php?rest_route=\/wp\/v2\/posts\/182979\/revisions\/182981"}],"wp:featuredmedia":[{"embeddable":true,"href":"https:\/\/diarioregionaldigital.com.br\/index.php?rest_route=\/wp\/v2\/media\/182980"}],"wp:attachment":[{"href":"https:\/\/diarioregionaldigital.com.br\/index.php?rest_route=%2Fwp%2Fv2%2Fmedia&parent=182979"}],"wp:term":[{"taxonomy":"category","embeddable":true,"href":"https:\/\/diarioregionaldigital.com.br\/index.php?rest_route=%2Fwp%2Fv2%2Fcategories&post=182979"},{"taxonomy":"post_tag","embeddable":true,"href":"https:\/\/diarioregionaldigital.com.br\/index.php?rest_route=%2Fwp%2Fv2%2Ftags&post=182979"}],"curies":[{"name":"wp","href":"https:\/\/api.w.org\/{rel}","templated":true}]}}