{"id":182976,"date":"2021-05-25T17:22:18","date_gmt":"2021-05-25T20:22:18","guid":{"rendered":"https:\/\/diarioregionaldigital.com.br\/?p=182976"},"modified":"2021-05-25T17:22:18","modified_gmt":"2021-05-25T20:22:18","slug":"lira-quer-votar-reforma-tributaria-possivel-sem-aumento-de-imposto-e-ja-para-2022","status":"publish","type":"post","link":"https:\/\/diarioregionaldigital.com.br\/?p=182976","title":{"rendered":"Lira quer votar reforma tribut\u00e1ria poss\u00edvel, sem aumento de imposto e j\u00e1 para 2022"},"content":{"rendered":"<p>O presidente da C\u00e2mara dos Deputados, <a href=\"https:\/\/www.camara.leg.br\/deputados\/160541\">Arthur Lira (PP-AL)<\/a>, defendeu a vota\u00e7\u00e3o de uma reforma tribut\u00e1ria poss\u00edvel, de modo que seja aprovada ainda neste ano, para que as mudan\u00e7as j\u00e1 possam valer para 2022. Segundo Lira, as mudan\u00e7as na legisla\u00e7\u00e3o tribut\u00e1ria t\u00eam como foco garantir a seguran\u00e7a jur\u00eddica para aumentar os investimentos no Pa\u00eds, al\u00e9m de simplificar e desburocratizar o sistema sem aumentar a carga tribut\u00e1ria.<\/p>\n<p>Ele disse ainda que n\u00e3o \u00e9 o momento para uma discuss\u00e3o a\u00e7odada sobre o tema, mas destacou que \u00e9 prov\u00e1vel que a C\u00e2mara comece a debater os projetos de lei da reforma, que precisam de um qu\u00f3rum mais simples, e o Senado comece pelas discuss\u00f5es via Proposta de Emenda \u00e0 Constitui\u00e7\u00e3o, j\u00e1 que o tr\u00e2mite naquela Casa \u00e9 mais c\u00e9lere.<\/p>\n<p>As declara\u00e7\u00f5es foram dadas durante evento promovido pelo Banco BTG Pactual nesta ter\u00e7a-feira (25).<\/p>\n<p>\u201cQuero colocar em discuss\u00e3o, se todos n\u00f3s tivemos paci\u00eancia para esperar um relat\u00f3rio por 24 meses. N\u00e3o podemos nos a\u00e7odar e dizer como vamos votar um tema. Vamos para essa discuss\u00e3o, mas para uma reforma poss\u00edvel. O ideal \u00e9 o que a gente conseguir aprovar\u201d, afirmou Lira.<\/p>\n<p>\u201cEu n\u00e3o me preocupo como as propostas chegam, mas como elas saem. Em tese, \u00e9 para se aumentar a faixa de isen\u00e7\u00e3o [do Imposto de Renda], diminuir o imposto das pessoas jur\u00eddicas. Claro, n\u00e3o podemos abrir m\u00e3o da arrecada\u00e7\u00e3o, mas n\u00e3o podemos aumentar a carga tribut\u00e1ria. A discuss\u00e3o ser\u00e1 sempre pol\u00edtica e t\u00e9cnica, ouvindo com responsabilidade todas as \u00e1reas para que possamos chegar ao equil\u00edbrio\u201d, garantiu o presidente.<\/p>\n<p><strong>Estados e munic\u00edpios<\/strong><br \/>\nLira disse ainda que a inclus\u00e3o de estados e munic\u00edpios na reforma tribut\u00e1ria depende de muito di\u00e1logo e destacou que os parlamentares sofrem muita press\u00e3o em suas bases eleitorais.<\/p>\n<p>O presidente quer priorizar as mudan\u00e7as nos impostos federais para, depois, ampliar o debate para os demais entes federativos. Ele lembrou da reforma da previd\u00eancia, que retirou os estados e os munic\u00edpios da proposta original para facilitar sua aprova\u00e7\u00e3o no Congresso Nacional. \u201cVamos por etapas e vamos come\u00e7ar sem muitas desgastes. E tudo isso vai ser discutido com os entes para chegar a um texto poss\u00edvel a todos\u201d, assegurou Lira.<\/p>\n<p><strong>Imposto digital<\/strong><br \/>\nQuestionado sobre a possibilidade de incluir um novo imposto na proposta, nos moldes da antiga CPMF \u2013 o chamado imposto de transa\u00e7\u00f5es digitais \u2013, Lira afirmou que n\u00e3o \u00e9 o momento de debater esse tema. De acordo com o presidente da C\u00e2mara, a proposta precisa ser amadurecida e deve chegar por \u00faltimo na discuss\u00e3o da reforma.<\/p>\n<p>\u201cVamos ver l\u00e1 na frente como \u00faltima alternativa o imposto digital. Mas n\u00e3o \u00e9 prioridade do momento\u201d, afirmou Lira no evento.<\/p>\n<p>Fonte: Ag\u00eancia C\u00e2mara de Not\u00edcias<\/p>\n","protected":false},"excerpt":{"rendered":"<p>O presidente da C\u00e2mara dos Deputados, Arthur Lira (PP-AL), defendeu a vota\u00e7\u00e3o de uma reforma tribut\u00e1ria poss\u00edvel, de modo que seja aprovada ainda neste ano, para que as mudan\u00e7as j\u00e1 possam valer para 2022. Segundo Lira, as mudan\u00e7as na legisla\u00e7\u00e3o tribut\u00e1ria t\u00eam como foco garantir a seguran\u00e7a jur\u00eddica para aumentar os investimentos no Pa\u00eds, al\u00e9m [&hellip;]<\/p>\n","protected":false},"author":246,"featured_media":182977,"comment_status":"closed","ping_status":"closed","sticky":false,"template":"","format":"standard","meta":{"footnotes":""},"categories":[436,440,254,439],"tags":[],"class_list":["post-182976","post","type-post","status-publish","format-standard","has-post-thumbnail","hentry","category-destaque-da-semana","category-destaques-do-dia","category-politica","category-ultima-hora"],"_links":{"self":[{"href":"https:\/\/diarioregionaldigital.com.br\/index.php?rest_route=\/wp\/v2\/posts\/182976","targetHints":{"allow":["GET"]}}],"collection":[{"href":"https:\/\/diarioregionaldigital.com.br\/index.php?rest_route=\/wp\/v2\/posts"}],"about":[{"href":"https:\/\/diarioregionaldigital.com.br\/index.php?rest_route=\/wp\/v2\/types\/post"}],"author":[{"embeddable":true,"href":"https:\/\/diarioregionaldigital.com.br\/index.php?rest_route=\/wp\/v2\/users\/246"}],"replies":[{"embeddable":true,"href":"https:\/\/diarioregionaldigital.com.br\/index.php?rest_route=%2Fwp%2Fv2%2Fcomments&post=182976"}],"version-history":[{"count":1,"href":"https:\/\/diarioregionaldigital.com.br\/index.php?rest_route=\/wp\/v2\/posts\/182976\/revisions"}],"predecessor-version":[{"id":182978,"href":"https:\/\/diarioregionaldigital.com.br\/index.php?rest_route=\/wp\/v2\/posts\/182976\/revisions\/182978"}],"wp:featuredmedia":[{"embeddable":true,"href":"https:\/\/diarioregionaldigital.com.br\/index.php?rest_route=\/wp\/v2\/media\/182977"}],"wp:attachment":[{"href":"https:\/\/diarioregionaldigital.com.br\/index.php?rest_route=%2Fwp%2Fv2%2Fmedia&parent=182976"}],"wp:term":[{"taxonomy":"category","embeddable":true,"href":"https:\/\/diarioregionaldigital.com.br\/index.php?rest_route=%2Fwp%2Fv2%2Fcategories&post=182976"},{"taxonomy":"post_tag","embeddable":true,"href":"https:\/\/diarioregionaldigital.com.br\/index.php?rest_route=%2Fwp%2Fv2%2Ftags&post=182976"}],"curies":[{"name":"wp","href":"https:\/\/api.w.org\/{rel}","templated":true}]}}