{"id":182973,"date":"2021-05-25T17:18:10","date_gmt":"2021-05-25T20:18:10","guid":{"rendered":"https:\/\/diarioregionaldigital.com.br\/?p=182973"},"modified":"2021-05-25T17:18:10","modified_gmt":"2021-05-25T20:18:10","slug":"romeu-zema-recebe-homenagem-da-prf-mg","status":"publish","type":"post","link":"https:\/\/diarioregionaldigital.com.br\/?p=182973","title":{"rendered":"Romeu Zema recebe homenagem da PRF-MG"},"content":{"rendered":"<p>O governador Romeu Zema se reuniu, na manh\u00e3 desta segunda-feira (24\/5), com o superintendente da Pol\u00edcia Rodovi\u00e1ria Federal em Minas Gerais (PRF-MG), Marco Ant\u00f4nio Territo de Barros. O superintendente da entidade no estado prestou homenagem ao\u00a0governador em reconhecimento \u00e0s suas a\u00e7\u00f5es e gest\u00e3o prof\u00edcuas, comprometidas com o fortalecimento da integra\u00e7\u00e3o entre as institui\u00e7\u00f5es de seguran\u00e7a p\u00fablica.<\/p>\n<p>Durante a reuni\u00e3o, eles apresentaram os principais resultados e projetos da institui\u00e7\u00e3o no estado. O trabalho integrado das pol\u00edcias mineiras com a Pol\u00edcia Rodovi\u00e1ria Federal tem sido ampliado nos \u00faltimos meses.<\/p>\n<p>A PRF-MG \u00e9 parceira em duas opera\u00e7\u00f5es integradas coordenadas pela\u00a0<a href=\"http:\/\/www.seguranca.mg.gov.br\/\" target=\"_blank\" rel=\"noopener\">Secretaria de Estado de Justi\u00e7a e Seguran\u00e7a P\u00fablica (Sejusp)<\/a>: Caminhos de Minas, voltada para fiscaliza\u00e7\u00e3o de rodovias mineiras; e\u00a0Divisas Integradas, de opera\u00e7\u00e3o de abordagem em regi\u00f5es de divisas e com um importante trabalho de intelig\u00eancia e cumprimento de mandados de pris\u00e3o. Desde julho de 2020, as duas opera\u00e7\u00f5es j\u00e1 conseguiram apreender oito toneladas de drogas, 80 armas de fogo e efetuar 789 pris\u00f5es.<\/p>\n<p>O secret\u00e1rio de Justi\u00e7a e Seguran\u00e7a P\u00fablica, Rog\u00e9rio Greco, tamb\u00e9m participou do encontro e recebeu a homenagem. Participaram da reuni\u00e3o, ainda, o superintendente executivo da PRF-MG, Bruno Raslan, e o presidente do Sindicato dos Policiais Rodovi\u00e1rios de Minas Gerais, Jos\u00e9 Henrique dos Santos.<\/p>\n<p><span style=\"font-weight: 400;\">Fonte: Ag\u00eancia Minas<\/span><\/p>\n","protected":false},"excerpt":{"rendered":"<p>O governador Romeu Zema se reuniu, na manh\u00e3 desta segunda-feira (24\/5), com o superintendente da Pol\u00edcia Rodovi\u00e1ria Federal em Minas Gerais (PRF-MG), Marco Ant\u00f4nio Territo de Barros. O superintendente da entidade no estado prestou homenagem ao\u00a0governador em reconhecimento \u00e0s suas a\u00e7\u00f5es e gest\u00e3o prof\u00edcuas, comprometidas com o fortalecimento da integra\u00e7\u00e3o entre as institui\u00e7\u00f5es de seguran\u00e7a [&hellip;]<\/p>\n","protected":false},"author":246,"featured_media":182974,"comment_status":"closed","ping_status":"closed","sticky":false,"template":"","format":"standard","meta":{"footnotes":""},"categories":[440,254,439],"tags":[],"class_list":["post-182973","post","type-post","status-publish","format-standard","has-post-thumbnail","hentry","category-destaques-do-dia","category-politica","category-ultima-hora"],"_links":{"self":[{"href":"https:\/\/diarioregionaldigital.com.br\/index.php?rest_route=\/wp\/v2\/posts\/182973","targetHints":{"allow":["GET"]}}],"collection":[{"href":"https:\/\/diarioregionaldigital.com.br\/index.php?rest_route=\/wp\/v2\/posts"}],"about":[{"href":"https:\/\/diarioregionaldigital.com.br\/index.php?rest_route=\/wp\/v2\/types\/post"}],"author":[{"embeddable":true,"href":"https:\/\/diarioregionaldigital.com.br\/index.php?rest_route=\/wp\/v2\/users\/246"}],"replies":[{"embeddable":true,"href":"https:\/\/diarioregionaldigital.com.br\/index.php?rest_route=%2Fwp%2Fv2%2Fcomments&post=182973"}],"version-history":[{"count":1,"href":"https:\/\/diarioregionaldigital.com.br\/index.php?rest_route=\/wp\/v2\/posts\/182973\/revisions"}],"predecessor-version":[{"id":182975,"href":"https:\/\/diarioregionaldigital.com.br\/index.php?rest_route=\/wp\/v2\/posts\/182973\/revisions\/182975"}],"wp:featuredmedia":[{"embeddable":true,"href":"https:\/\/diarioregionaldigital.com.br\/index.php?rest_route=\/wp\/v2\/media\/182974"}],"wp:attachment":[{"href":"https:\/\/diarioregionaldigital.com.br\/index.php?rest_route=%2Fwp%2Fv2%2Fmedia&parent=182973"}],"wp:term":[{"taxonomy":"category","embeddable":true,"href":"https:\/\/diarioregionaldigital.com.br\/index.php?rest_route=%2Fwp%2Fv2%2Fcategories&post=182973"},{"taxonomy":"post_tag","embeddable":true,"href":"https:\/\/diarioregionaldigital.com.br\/index.php?rest_route=%2Fwp%2Fv2%2Ftags&post=182973"}],"curies":[{"name":"wp","href":"https:\/\/api.w.org\/{rel}","templated":true}]}}