{"id":182937,"date":"2021-05-25T06:00:58","date_gmt":"2021-05-25T09:00:58","guid":{"rendered":"https:\/\/diarioregionaldigital.com.br\/?p=182937"},"modified":"2021-05-25T00:05:23","modified_gmt":"2021-05-25T03:05:23","slug":"pandemia-e-pos-pandemia","status":"publish","type":"post","link":"https:\/\/diarioregionaldigital.com.br\/?p=182937","title":{"rendered":"Pandemia e P\u00f3s &#8211; Pandemia"},"content":{"rendered":"<p style=\"text-align: center;\"><strong>S\u00e9rie<\/strong><\/p>\n<p style=\"text-align: center;\">Talentoso e tarimbad\u00edssimo Renato Itaboray, formado em Comunica\u00e7\u00e3o pela UFJF, \u00e9 um dos editores da nova s\u00e9rie \u201cDom\u2019, que estreia dia 4 de junho na Amazon Prime V\u00eddeo em mais de 200 pa\u00edses. Dirigida por Breno Silveira e Vicente Kubrusly, a s\u00e9rie possui oito epis\u00f3dios e \u00e9 produzida Conspira\u00e7\u00e3o Filmes.<\/p>\n<p style=\"text-align: center;\"><strong>Merecido<\/strong><\/p>\n<p style=\"text-align: center;\">Com sua alma bondosa, Waldir Andrade foi eleito presidente do Abrigo Santa Helena e tamb\u00e9m do Cepron. Na assembleia conduzida por Paulo Ely Braz Pereira, tamb\u00e9m foram eleitos Miriam Lopardi (primeira vice-presidente) e Alexandre Peixoto Estev\u00e3o (segundo vice-presidente).<\/p>\n<p style=\"text-align: center;\"><strong>Mudan\u00e7a de H\u00e1bitos<\/strong><\/p>\n<p style=\"text-align: center;\">A pandemia da Covid 19 impulsionou a presen\u00e7a de brasileiros em grupos de compras on-line na busca importados. Com restri\u00e7\u00f5es de voos diretos do Brasil em v\u00e1rios pa\u00edses, mesmo com o processo de abertura de economias na Europa e nos Estados Unidos, as classes m\u00e9dia e alta recorrem aos servi\u00e7os de personal Shopping para garantir o consumo de produtos do exterior.<\/p>\n<p style=\"text-align: center;\"><strong>Pandemia e P\u00f3s &#8211; Pandemia<\/strong><\/p>\n<p style=\"text-align: center;\">O que esperar de nossas emo\u00e7\u00f5es? Persistir\u00e1 o medo? Esse que fisiologicamente exerce a fun\u00e7\u00e3o de prote\u00e7\u00e3o e de preserva\u00e7\u00e3o da vida continuar\u00e1 a suplantar nossas defesas emocionais mantendo-se cr\u00f4nico, mesmo ap\u00f3s passado o perigo? O medo cr\u00f4nico afeta negativamente o sistema imunol\u00f3gico, a bioqu\u00edmica cerebral e perif\u00e9rica, causando transtornos emocionais e cl\u00ednicos, agravando os sistemas das pessoas com transtornos emocionais pr\u00e9-existentes (Continua na pr\u00f3xima ter\u00e7a-feira). Elimar Jacob Salzer Rodrigues \u2013 m\u00e9dica psiquiatra.<\/p>\n<div id=\"attachment_182907\" style=\"width: 690px\" class=\"wp-caption aligncenter\"><img loading=\"lazy\" decoding=\"async\" aria-describedby=\"caption-attachment-182907\" class=\"wp-image-182907\" src=\"https:\/\/diarioregionaldigital.com.br\/wp-content\/uploads\/2021\/05\/fotoa-3-e1621911544148.jpeg\" alt=\"\" width=\"680\" height=\"503\" srcset=\"https:\/\/diarioregionaldigital.com.br\/wp-content\/uploads\/2021\/05\/fotoa-3-e1621911544148.jpeg 770w, https:\/\/diarioregionaldigital.com.br\/wp-content\/uploads\/2021\/05\/fotoa-3-e1621911544148-300x222.jpeg 300w, https:\/\/diarioregionaldigital.com.br\/wp-content\/uploads\/2021\/05\/fotoa-3-e1621911544148-768x569.jpeg 768w, https:\/\/diarioregionaldigital.com.br\/wp-content\/uploads\/2021\/05\/fotoa-3-e1621911544148-360x266.jpeg 360w\" sizes=\"auto, (max-width: 680px) 100vw, 680px\" \/><p id=\"caption-attachment-182907\" class=\"wp-caption-text\">A convite deste colunista, a m\u00e9dica-psiquiatra, Elimar Jacob Salzer Rodrigues, durante 4 ter\u00e7as-feiras ir\u00e1 alertar para os eleitores o tema \u201cPandemia e P\u00f3s Pandemia\u201d<\/p><\/div>\n<div id=\"attachment_182908\" style=\"width: 690px\" class=\"wp-caption aligncenter\"><img loading=\"lazy\" decoding=\"async\" aria-describedby=\"caption-attachment-182908\" class=\"wp-image-182908\" src=\"https:\/\/diarioregionaldigital.com.br\/wp-content\/uploads\/2021\/05\/fotoaa-3-e1621911582484.jpg\" alt=\"\" width=\"680\" height=\"528\" srcset=\"https:\/\/diarioregionaldigital.com.br\/wp-content\/uploads\/2021\/05\/fotoaa-3-e1621911582484.jpg 534w, https:\/\/diarioregionaldigital.com.br\/wp-content\/uploads\/2021\/05\/fotoaa-3-e1621911582484-300x233.jpg 300w, https:\/\/diarioregionaldigital.com.br\/wp-content\/uploads\/2021\/05\/fotoaa-3-e1621911582484-360x280.jpg 360w\" sizes=\"auto, (max-width: 680px) 100vw, 680px\" \/><p id=\"caption-attachment-182908\" class=\"wp-caption-text\">O jornalista Talison Vardiero recebendo esta semana os afilhados: Selena Vardiere, Amanda Vardiere e Rodrigo Vardiere Estaca<\/p><\/div>\n<div id=\"attachment_182909\" style=\"width: 690px\" class=\"wp-caption aligncenter\"><img loading=\"lazy\" decoding=\"async\" aria-describedby=\"caption-attachment-182909\" class=\"wp-image-182909\" src=\"https:\/\/diarioregionaldigital.com.br\/wp-content\/uploads\/2021\/05\/fotoc-e1621911602417.jpeg\" alt=\"\" width=\"680\" height=\"1027\" srcset=\"https:\/\/diarioregionaldigital.com.br\/wp-content\/uploads\/2021\/05\/fotoc-e1621911602417.jpeg 716w, https:\/\/diarioregionaldigital.com.br\/wp-content\/uploads\/2021\/05\/fotoc-e1621911602417-199x300.jpeg 199w, https:\/\/diarioregionaldigital.com.br\/wp-content\/uploads\/2021\/05\/fotoc-e1621911602417-678x1024.jpeg 678w, https:\/\/diarioregionaldigital.com.br\/wp-content\/uploads\/2021\/05\/fotoc-e1621911602417-360x544.jpeg 360w\" sizes=\"auto, (max-width: 680px) 100vw, 680px\" \/><p id=\"caption-attachment-182909\" class=\"wp-caption-text\">Antes da pandemia, nos sal\u00f5es iluminados de JF, os amigos Eduardo Gomes e Myrliane Le\u00e3o<\/p><\/div>\n<div id=\"attachment_182910\" style=\"width: 690px\" class=\"wp-caption aligncenter\"><img loading=\"lazy\" decoding=\"async\" aria-describedby=\"caption-attachment-182910\" class=\"wp-image-182910\" src=\"https:\/\/diarioregionaldigital.com.br\/wp-content\/uploads\/2021\/05\/fotod-15-e1621911634822.jpg\" alt=\"\" width=\"680\" height=\"508\" srcset=\"https:\/\/diarioregionaldigital.com.br\/wp-content\/uploads\/2021\/05\/fotod-15-e1621911634822.jpg 950w, https:\/\/diarioregionaldigital.com.br\/wp-content\/uploads\/2021\/05\/fotod-15-e1621911634822-300x224.jpg 300w, https:\/\/diarioregionaldigital.com.br\/wp-content\/uploads\/2021\/05\/fotod-15-e1621911634822-768x574.jpg 768w, https:\/\/diarioregionaldigital.com.br\/wp-content\/uploads\/2021\/05\/fotod-15-e1621911634822-360x269.jpg 360w\" sizes=\"auto, (max-width: 680px) 100vw, 680px\" \/><p id=\"caption-attachment-182910\" class=\"wp-caption-text\">Curtindo as belezas do campo, Paula Veloso e sua m\u00e3e Eliane Veloso Pereira<\/p><\/div>\n<div id=\"attachment_182911\" style=\"width: 690px\" class=\"wp-caption aligncenter\"><img loading=\"lazy\" decoding=\"async\" aria-describedby=\"caption-attachment-182911\" class=\"wp-image-182911\" src=\"https:\/\/diarioregionaldigital.com.br\/wp-content\/uploads\/2021\/05\/fotoe-13-e1621911662597.jpg\" alt=\"\" width=\"680\" height=\"472\" srcset=\"https:\/\/diarioregionaldigital.com.br\/wp-content\/uploads\/2021\/05\/fotoe-13-e1621911662597.jpg 569w, https:\/\/diarioregionaldigital.com.br\/wp-content\/uploads\/2021\/05\/fotoe-13-e1621911662597-300x208.jpg 300w, https:\/\/diarioregionaldigital.com.br\/wp-content\/uploads\/2021\/05\/fotoe-13-e1621911662597-360x250.jpg 360w, https:\/\/diarioregionaldigital.com.br\/wp-content\/uploads\/2021\/05\/fotoe-13-e1621911662597-100x70.jpg 100w\" sizes=\"auto, (max-width: 680px) 100vw, 680px\" \/><p id=\"caption-attachment-182911\" class=\"wp-caption-text\">Em almo\u00e7o fino comemorando o Dia da Fam\u00edlia Meguy Domingos com o marido Glauco Domingos com Thiago Silva e Aline Nicolette<\/p><\/div>\n<div id=\"attachment_182912\" style=\"width: 690px\" class=\"wp-caption aligncenter\"><img loading=\"lazy\" decoding=\"async\" aria-describedby=\"caption-attachment-182912\" class=\"wp-image-182912\" src=\"https:\/\/diarioregionaldigital.com.br\/wp-content\/uploads\/2021\/05\/fotof-15-e1621911683756.jpg\" alt=\"\" width=\"680\" height=\"491\" srcset=\"https:\/\/diarioregionaldigital.com.br\/wp-content\/uploads\/2021\/05\/fotof-15-e1621911683756.jpg 790w, https:\/\/diarioregionaldigital.com.br\/wp-content\/uploads\/2021\/05\/fotof-15-e1621911683756-300x217.jpg 300w, https:\/\/diarioregionaldigital.com.br\/wp-content\/uploads\/2021\/05\/fotof-15-e1621911683756-768x555.jpg 768w, https:\/\/diarioregionaldigital.com.br\/wp-content\/uploads\/2021\/05\/fotof-15-e1621911683756-360x260.jpg 360w\" sizes=\"auto, (max-width: 680px) 100vw, 680px\" \/><p id=\"caption-attachment-182912\" class=\"wp-caption-text\">Antes da pandemia, os queridos cerimonialistas, Luis Cl\u00e1udio Pasqualini e L\u00fa Mendes<\/p><\/div>\n<div id=\"attachment_182913\" style=\"width: 690px\" class=\"wp-caption aligncenter\"><img loading=\"lazy\" decoding=\"async\" aria-describedby=\"caption-attachment-182913\" class=\"wp-image-182913\" src=\"https:\/\/diarioregionaldigital.com.br\/wp-content\/uploads\/2021\/05\/fotog-12-e1621911709750.jpg\" alt=\"\" width=\"680\" height=\"470\" srcset=\"https:\/\/diarioregionaldigital.com.br\/wp-content\/uploads\/2021\/05\/fotog-12-e1621911709750.jpg 502w, https:\/\/diarioregionaldigital.com.br\/wp-content\/uploads\/2021\/05\/fotog-12-e1621911709750-300x207.jpg 300w, https:\/\/diarioregionaldigital.com.br\/wp-content\/uploads\/2021\/05\/fotog-12-e1621911709750-360x249.jpg 360w, https:\/\/diarioregionaldigital.com.br\/wp-content\/uploads\/2021\/05\/fotog-12-e1621911709750-100x70.jpg 100w\" sizes=\"auto, (max-width: 680px) 100vw, 680px\" \/><p id=\"caption-attachment-182913\" class=\"wp-caption-text\">Antes da pandemia no La Rocca, Angelina Lamoglia Jabour com os filhos Gabriel Jabour Bellei e Matheus Jabour Bellei<\/p><\/div>\n<p style=\"text-align: center;\"><strong>FOTOSS\u00cdNTESE<\/strong><\/p>\n<p>O Hotel Green Hill esteve movimentado com os participantes da etapa Minas\/Rio do IPSC 2021, um dos maiores eventos de tiro do pa\u00eds. Circulando pelos belos espa\u00e7os, participantes do torneio com atiradores de S\u00e3o Paulo, Esp\u00edrito Santo e at\u00e9 de Roraima. O evento aconteceu no Clube de Tiro, Ca\u00e7a e Pesca.<\/p>\n<p>Fundada pelo padre redentorista Jaime Sn\u00f5eck e pela madre Altiva Paix\u00e3o, veiculada \u00e0s Mission\u00e1rias de Jesus Crucificados, a Faculdade de Servi\u00e7o Social da UFJF, comemorou 63 anos. Com dire\u00e7\u00e3o de Alexandra Aparecida Eiras, curso tem projeto de refer\u00eancias na \u00e1rea do envelhecimento, um dos pioneiros no pa\u00eds.<\/p>\n<p>Pelo segundo ano, a Nidus Medicina reprodutiva \u00e9 selo Ouro pela rede Lara, atestando o cumprimento de todos os requisitos avaliados e exigidos pela Rede Latina Americana de Reprodu\u00e7\u00e3o Assistida.<\/p>\n<p>Com o poder da caneta, faz imenso sucesso o livro da escritora Efig\u00eania Viana, com o tema \u201cFelicidades tem quatro patas\u201d.<\/p>\n<p>Muito animado, Ronaldo Miana comunica que far\u00e1 live dia 28 acompanhado da banda Mehanna. Ser\u00e1 em benef\u00edcio do Abrigo Santa Helena.<\/p>\n<p>Est\u00e1 muito bonito as ilustra\u00e7\u00f5es do livro \u201cRecados do Corpo e da Alma\u2019 da autora infantil Roseana Murray. Quem assina o trabalho \u00e9 a professora da Escola Municipal Centen\u00e1rio, Juliane Carvalho. Palmas.<\/p>\n<p>Por exemplo: A maior li\u00e7\u00e3o de um amigo sincero com leveza, \u00e9 aquele que te d\u00e1 um toque para acordar para a vida. Bom dia.<\/p>\n<p><img loading=\"lazy\" decoding=\"async\" class=\"aligncenter size-full wp-image-182914\" src=\"https:\/\/diarioregionaldigital.com.br\/wp-content\/uploads\/2021\/05\/anuncio24-scaled.jpg\" alt=\"\" width=\"2560\" height=\"972\" srcset=\"https:\/\/diarioregionaldigital.com.br\/wp-content\/uploads\/2021\/05\/anuncio24-scaled.jpg 2560w, https:\/\/diarioregionaldigital.com.br\/wp-content\/uploads\/2021\/05\/anuncio24-300x114.jpg 300w, https:\/\/diarioregionaldigital.com.br\/wp-content\/uploads\/2021\/05\/anuncio24-1024x389.jpg 1024w, https:\/\/diarioregionaldigital.com.br\/wp-content\/uploads\/2021\/05\/anuncio24-768x292.jpg 768w, https:\/\/diarioregionaldigital.com.br\/wp-content\/uploads\/2021\/05\/anuncio24-1536x583.jpg 1536w, https:\/\/diarioregionaldigital.com.br\/wp-content\/uploads\/2021\/05\/anuncio24-2048x777.jpg 2048w, https:\/\/diarioregionaldigital.com.br\/wp-content\/uploads\/2021\/05\/anuncio24-360x137.jpg 360w\" sizes=\"auto, (max-width: 2560px) 100vw, 2560px\" \/><\/p>\n","protected":false},"excerpt":{"rendered":"<p>S\u00e9rie Talentoso e tarimbad\u00edssimo Renato Itaboray, formado em Comunica\u00e7\u00e3o pela UFJF, \u00e9 um dos editores da nova s\u00e9rie \u201cDom\u2019, que estreia dia 4 de junho na Amazon Prime V\u00eddeo em mais de 200 pa\u00edses. Dirigida por Breno Silveira e Vicente Kubrusly, a s\u00e9rie possui oito epis\u00f3dios e \u00e9 produzida Conspira\u00e7\u00e3o Filmes. Merecido Com sua alma [&hellip;]<\/p>\n","protected":false},"author":253,"featured_media":182907,"comment_status":"closed","ping_status":"closed","sticky":false,"template":"","format":"standard","meta":{"footnotes":""},"categories":[264],"tags":[],"class_list":["post-182937","post","type-post","status-publish","format-standard","has-post-thumbnail","hentry","category-eduardo-gomes"],"_links":{"self":[{"href":"https:\/\/diarioregionaldigital.com.br\/index.php?rest_route=\/wp\/v2\/posts\/182937","targetHints":{"allow":["GET"]}}],"collection":[{"href":"https:\/\/diarioregionaldigital.com.br\/index.php?rest_route=\/wp\/v2\/posts"}],"about":[{"href":"https:\/\/diarioregionaldigital.com.br\/index.php?rest_route=\/wp\/v2\/types\/post"}],"author":[{"embeddable":true,"href":"https:\/\/diarioregionaldigital.com.br\/index.php?rest_route=\/wp\/v2\/users\/253"}],"replies":[{"embeddable":true,"href":"https:\/\/diarioregionaldigital.com.br\/index.php?rest_route=%2Fwp%2Fv2%2Fcomments&post=182937"}],"version-history":[{"count":2,"href":"https:\/\/diarioregionaldigital.com.br\/index.php?rest_route=\/wp\/v2\/posts\/182937\/revisions"}],"predecessor-version":[{"id":182940,"href":"https:\/\/diarioregionaldigital.com.br\/index.php?rest_route=\/wp\/v2\/posts\/182937\/revisions\/182940"}],"wp:featuredmedia":[{"embeddable":true,"href":"https:\/\/diarioregionaldigital.com.br\/index.php?rest_route=\/wp\/v2\/media\/182907"}],"wp:attachment":[{"href":"https:\/\/diarioregionaldigital.com.br\/index.php?rest_route=%2Fwp%2Fv2%2Fmedia&parent=182937"}],"wp:term":[{"taxonomy":"category","embeddable":true,"href":"https:\/\/diarioregionaldigital.com.br\/index.php?rest_route=%2Fwp%2Fv2%2Fcategories&post=182937"},{"taxonomy":"post_tag","embeddable":true,"href":"https:\/\/diarioregionaldigital.com.br\/index.php?rest_route=%2Fwp%2Fv2%2Ftags&post=182937"}],"curies":[{"name":"wp","href":"https:\/\/api.w.org\/{rel}","templated":true}]}}