{"id":182934,"date":"2021-05-24T23:53:58","date_gmt":"2021-05-25T02:53:58","guid":{"rendered":"https:\/\/diarioregionaldigital.com.br\/?p=182934"},"modified":"2021-05-24T23:53:58","modified_gmt":"2021-05-25T02:53:58","slug":"cidade-retorna-a-faixa-vermelha-do-programa-juiz-de-fora-pela-vida","status":"publish","type":"post","link":"https:\/\/diarioregionaldigital.com.br\/?p=182934","title":{"rendered":"Cidade retorna \u00e0 Faixa Vermelha do Programa Juiz de Fora pela Vida"},"content":{"rendered":"<p>De acordo com a publica\u00e7\u00e3o da Nota Informativa 16, da Secretaria de Sa\u00fade, nesta segunda-feira, 24, Juiz de Fora retorna \u00e0 Faixa Vermelha do programa municipal de enfrentamento \u00e0 Covid-19, \u201cJuiz de Fora pela Vida\u201d. Esta mudan\u00e7a foi baseada em um conjunto de indicadores propostos pelo Guia Orientador publicado pelo Conselho Nacional de Secretarias Municipais de Sa\u00fade (Conasems), em parceria com o Conselho Nacional de Secret\u00e1rios de Sa\u00fade (Conass), a publica\u00e7\u00e3o classifica o munic\u00edpio em \u201crisco alto\u201d.<\/p>\n<p>Segundo informa\u00e7\u00f5es retiradas do site da Prefeitura de Juiz de Fora, nesta faixa, bares voltam a ter funcionamento permitido apenas por delivey. J\u00e1 os restaurantes permanecem com funcionamento permitido das 8h \u00e0s 20h, com o consumo de bebidas alco\u00f3licas apenas nas mesas ou balc\u00e3o. O autosservi\u00e7o (self service) est\u00e1 proibido.<\/p>\n<p>Assim como na Faixa Laranja, as atividades esportivas coletivas n\u00e3o s\u00e3o permitidas. Clubes podem funcionar de segunda a sexta, e a pr\u00e1tica de atividades f\u00edsicas, como t\u00eanis e peteca, s\u00e3o permitidas com uma pessoa por lado na quadra. Outras atividades como futev\u00f4lei tamb\u00e9m podem ser realizadas na modalidade e de treinamento, desde que respeitado o protocolo com uma pessoa por lado da quadra.<\/p>\n<p>Os cursos livres voltam a ter autoriza\u00e7\u00e3o de cinco alunos por aula, respeitando o distanciamento m\u00ednimo de tr\u00eas metros entre os alunos. Encontros cient\u00edficos, corporativos e outros de natureza comercial podem ocorrer, interditadas pistas de dan\u00e7a e shows, com capacidade m\u00e1xima de 40 pessoas, mais 20% de staff, e limite de uma pessoa por quatro metros quadrados e 30% da capacidade do espa\u00e7o. As reuni\u00f5es devem ser autorizadas pela Secretaria de Sustentabilidade em Meio Ambiente e Atividades Urbanas (Sesmaur). Organizador e participantes devem assinar termos de ci\u00eancia e compromisso. Os encontros ser\u00e3o monitorados por uma comiss\u00e3o da Secretaria de Turismo (Setur), junto \u00e0 entidade promotora.<\/p>\n","protected":false},"excerpt":{"rendered":"<p>De acordo com a publica\u00e7\u00e3o da Nota Informativa 16, da Secretaria de Sa\u00fade, nesta segunda-feira, 24, Juiz de Fora retorna \u00e0 Faixa Vermelha do programa municipal de enfrentamento \u00e0 Covid-19, \u201cJuiz de Fora pela Vida\u201d. Esta mudan\u00e7a foi baseada em um conjunto de indicadores propostos pelo Guia Orientador publicado pelo Conselho Nacional de Secretarias Municipais [&hellip;]<\/p>\n","protected":false},"author":246,"featured_media":182935,"comment_status":"closed","ping_status":"closed","sticky":false,"template":"","format":"standard","meta":{"footnotes":""},"categories":[253,440,439],"tags":[],"class_list":["post-182934","post","type-post","status-publish","format-standard","has-post-thumbnail","hentry","category-cidade","category-destaques-do-dia","category-ultima-hora"],"_links":{"self":[{"href":"https:\/\/diarioregionaldigital.com.br\/index.php?rest_route=\/wp\/v2\/posts\/182934","targetHints":{"allow":["GET"]}}],"collection":[{"href":"https:\/\/diarioregionaldigital.com.br\/index.php?rest_route=\/wp\/v2\/posts"}],"about":[{"href":"https:\/\/diarioregionaldigital.com.br\/index.php?rest_route=\/wp\/v2\/types\/post"}],"author":[{"embeddable":true,"href":"https:\/\/diarioregionaldigital.com.br\/index.php?rest_route=\/wp\/v2\/users\/246"}],"replies":[{"embeddable":true,"href":"https:\/\/diarioregionaldigital.com.br\/index.php?rest_route=%2Fwp%2Fv2%2Fcomments&post=182934"}],"version-history":[{"count":1,"href":"https:\/\/diarioregionaldigital.com.br\/index.php?rest_route=\/wp\/v2\/posts\/182934\/revisions"}],"predecessor-version":[{"id":182936,"href":"https:\/\/diarioregionaldigital.com.br\/index.php?rest_route=\/wp\/v2\/posts\/182934\/revisions\/182936"}],"wp:featuredmedia":[{"embeddable":true,"href":"https:\/\/diarioregionaldigital.com.br\/index.php?rest_route=\/wp\/v2\/media\/182935"}],"wp:attachment":[{"href":"https:\/\/diarioregionaldigital.com.br\/index.php?rest_route=%2Fwp%2Fv2%2Fmedia&parent=182934"}],"wp:term":[{"taxonomy":"category","embeddable":true,"href":"https:\/\/diarioregionaldigital.com.br\/index.php?rest_route=%2Fwp%2Fv2%2Fcategories&post=182934"},{"taxonomy":"post_tag","embeddable":true,"href":"https:\/\/diarioregionaldigital.com.br\/index.php?rest_route=%2Fwp%2Fv2%2Ftags&post=182934"}],"curies":[{"name":"wp","href":"https:\/\/api.w.org\/{rel}","templated":true}]}}