{"id":182928,"date":"2021-05-24T23:36:46","date_gmt":"2021-05-25T02:36:46","guid":{"rendered":"https:\/\/diarioregionaldigital.com.br\/?p=182928"},"modified":"2021-05-24T23:36:46","modified_gmt":"2021-05-25T02:36:46","slug":"pcmg-prende-tres-suspeitos-por-trafico-e-apreende-adolescentes-durante-operacao-em-juiz-de-fora","status":"publish","type":"post","link":"https:\/\/diarioregionaldigital.com.br\/?p=182928","title":{"rendered":"PCMG prende tr\u00eas suspeitos por tr\u00e1fico e apreende adolescentes durante opera\u00e7\u00e3o em Juiz de Fora"},"content":{"rendered":"<p>Nesta segunda-feira (24\/5), a Pol\u00edcia Civil de Minas Gerais deflagrou a \u201cOpera\u00e7\u00e3o 85\u201d, no munic\u00edpio de Juiz de Fora, na Zona da Mata mineira, visando combater o tr\u00e1fico de drogas. Ap\u00f3s trabalhos investigativos realizados pela Delegacia de Combate ao Narcotr\u00e1fico, foi poss\u00edvel prender tr\u00eas suspeitos \u2013 18, 21 e 21 anos \u2013 por tr\u00e1fico e associa\u00e7\u00e3o para o tr\u00e1fico, bem como apreender dois adolescentes \u2013 16 e 17 anos -, em dois im\u00f3veis que estariam sendo usados para a venda e para o armazenamento de entorpecentes, no bairro Linhares.<\/p>\n<p>Durante a a\u00e7\u00e3o, tamb\u00e9m foram encontrados um pistola falsa, buchas de maconha, pedras de crack e embalagens. Conforme informa\u00e7\u00f5es da assessoria, a mercancia il\u00edcita de drogas estaria ocorrendo na laje de uma das resid\u00eancias. \u201cJ\u00e1 em outra casa, ao lado desse im\u00f3vel, as drogas estariam sendo armazenadas\u201d, explica o delegado Rafael Gomes.<\/p>\n<p>Os tr\u00eas investigados foram encaminhados \u00e0 1\u00aa Delegacia Regional em Juiz de Fora, onde os flagrantes foram ratificados. Posteriormente, eles ser\u00e3o conduzidos at\u00e9 o sistema prisional, permanecendo \u00e0 disposi\u00e7\u00e3o da Justi\u00e7a. Os adolescentes tamb\u00e9m foram encaminhados \u00e0 unidade policial e, ap\u00f3s formaliza\u00e7\u00e3o de procedimento, liberados com o respons\u00e1vel legal.<\/p>\n<p><strong>Opera\u00e7\u00e3o 85<\/strong><\/p>\n<p>O nome da opera\u00e7\u00e3o faz alus\u00e3o ao n\u00famero de suspeitos presos envolvidos com o tr\u00e1fico de drogas, desde o m\u00eas de fevereiro.<\/p>\n","protected":false},"excerpt":{"rendered":"<p>Nesta segunda-feira (24\/5), a Pol\u00edcia Civil de Minas Gerais deflagrou a \u201cOpera\u00e7\u00e3o 85\u201d, no munic\u00edpio de Juiz de Fora, na Zona da Mata mineira, visando combater o tr\u00e1fico de drogas. Ap\u00f3s trabalhos investigativos realizados pela Delegacia de Combate ao Narcotr\u00e1fico, foi poss\u00edvel prender tr\u00eas suspeitos \u2013 18, 21 e 21 anos \u2013 por tr\u00e1fico e [&hellip;]<\/p>\n","protected":false},"author":246,"featured_media":182929,"comment_status":"closed","ping_status":"closed","sticky":false,"template":"","format":"standard","meta":{"footnotes":""},"categories":[301,1229],"tags":[],"class_list":["post-182928","post","type-post","status-publish","format-standard","has-post-thumbnail","hentry","category-artigos-policiais","category-policial"],"_links":{"self":[{"href":"https:\/\/diarioregionaldigital.com.br\/index.php?rest_route=\/wp\/v2\/posts\/182928","targetHints":{"allow":["GET"]}}],"collection":[{"href":"https:\/\/diarioregionaldigital.com.br\/index.php?rest_route=\/wp\/v2\/posts"}],"about":[{"href":"https:\/\/diarioregionaldigital.com.br\/index.php?rest_route=\/wp\/v2\/types\/post"}],"author":[{"embeddable":true,"href":"https:\/\/diarioregionaldigital.com.br\/index.php?rest_route=\/wp\/v2\/users\/246"}],"replies":[{"embeddable":true,"href":"https:\/\/diarioregionaldigital.com.br\/index.php?rest_route=%2Fwp%2Fv2%2Fcomments&post=182928"}],"version-history":[{"count":1,"href":"https:\/\/diarioregionaldigital.com.br\/index.php?rest_route=\/wp\/v2\/posts\/182928\/revisions"}],"predecessor-version":[{"id":182930,"href":"https:\/\/diarioregionaldigital.com.br\/index.php?rest_route=\/wp\/v2\/posts\/182928\/revisions\/182930"}],"wp:featuredmedia":[{"embeddable":true,"href":"https:\/\/diarioregionaldigital.com.br\/index.php?rest_route=\/wp\/v2\/media\/182929"}],"wp:attachment":[{"href":"https:\/\/diarioregionaldigital.com.br\/index.php?rest_route=%2Fwp%2Fv2%2Fmedia&parent=182928"}],"wp:term":[{"taxonomy":"category","embeddable":true,"href":"https:\/\/diarioregionaldigital.com.br\/index.php?rest_route=%2Fwp%2Fv2%2Fcategories&post=182928"},{"taxonomy":"post_tag","embeddable":true,"href":"https:\/\/diarioregionaldigital.com.br\/index.php?rest_route=%2Fwp%2Fv2%2Ftags&post=182928"}],"curies":[{"name":"wp","href":"https:\/\/api.w.org\/{rel}","templated":true}]}}