{"id":182902,"date":"2021-05-24T18:09:19","date_gmt":"2021-05-24T21:09:19","guid":{"rendered":"https:\/\/diarioregionaldigital.com.br\/?p=182902"},"modified":"2021-05-24T18:09:19","modified_gmt":"2021-05-24T21:09:19","slug":"mesa-permanente-de-negociacao-para-tratar-temas-sobre-servidores-e-criada-pela-pjf","status":"publish","type":"post","link":"https:\/\/diarioregionaldigital.com.br\/?p=182902","title":{"rendered":"Mesa Permanente de Negocia\u00e7\u00e3o para tratar temas sobre servidores \u00e9 criada pela PJF"},"content":{"rendered":"<p>Foi lan\u00e7ado pela Prefeitura de Juiz de Fora (PJF) , nesta segunda-feira, 24, a Mesa Permanente de Negocia\u00e7\u00e3o. O grupo \u00e9 formado pelos titulares das secretarias de Recursos Humanos, Rog\u00e9rio de Freitas; de Educa\u00e7\u00e3o, N\u00e1dia Ribas; da Fazenda, Fernanda Finotti, e da Procuradoria Geral do Munic\u00edpio (PGM), Carlos Frederico Delage Junqueira, al\u00e9m de representantes sindicais dos servidores da PJF, o grupo tem o objetivo de discutir quest\u00f5es mais complexas envolvendo assuntos relacionados aos servidores municipais, que exigem maior aprofundamento, indo para al\u00e9m das negocia\u00e7\u00f5es salariais. A primeira pauta a ser tratada na Mesa Permanente de Negocia\u00e7\u00e3o ser\u00e1 o impacto do artigo 9\u00ba da Lei Municipal n\u00ba 13.012, de 2014, em conjunto com o Sindicato dos Professores (Sinpro).<\/p>\n<p>Segundo informa\u00e7\u00f5es do site da Prefeitura de Juiz de Fora, o titular da SRH, Rog\u00e9rio de Freitas, fez um chamamento aos servidores para acompanharem as negocia\u00e7\u00f5es. \u201c\u00c9 uma iniciativa prevista no nosso Plano de Governo e foi pensada para aqueles assuntos que exigem mais estudos. Dessa forma, vamos estudar nesse primeiro momento tudo que envolve o artigo 9\u00ba em rela\u00e7\u00e3o ao quadro do Magist\u00e9rio\u201d. A secret\u00e1ria de Educa\u00e7\u00e3o, N\u00e1dia Ribas, refor\u00e7ou que \u201co convite \u00e9 para que todos participem efetivamente desse debate a fim de construirmos uma boa solu\u00e7\u00e3o para todas e todos.\u201d<\/p>\n","protected":false},"excerpt":{"rendered":"<p>Foi lan\u00e7ado pela Prefeitura de Juiz de Fora (PJF) , nesta segunda-feira, 24, a Mesa Permanente de Negocia\u00e7\u00e3o. O grupo \u00e9 formado pelos titulares das secretarias de Recursos Humanos, Rog\u00e9rio de Freitas; de Educa\u00e7\u00e3o, N\u00e1dia Ribas; da Fazenda, Fernanda Finotti, e da Procuradoria Geral do Munic\u00edpio (PGM), Carlos Frederico Delage Junqueira, al\u00e9m de representantes sindicais [&hellip;]<\/p>\n","protected":false},"author":246,"featured_media":182903,"comment_status":"closed","ping_status":"closed","sticky":false,"template":"","format":"standard","meta":{"footnotes":""},"categories":[253,436,439],"tags":[],"class_list":["post-182902","post","type-post","status-publish","format-standard","has-post-thumbnail","hentry","category-cidade","category-destaque-da-semana","category-ultima-hora"],"_links":{"self":[{"href":"https:\/\/diarioregionaldigital.com.br\/index.php?rest_route=\/wp\/v2\/posts\/182902","targetHints":{"allow":["GET"]}}],"collection":[{"href":"https:\/\/diarioregionaldigital.com.br\/index.php?rest_route=\/wp\/v2\/posts"}],"about":[{"href":"https:\/\/diarioregionaldigital.com.br\/index.php?rest_route=\/wp\/v2\/types\/post"}],"author":[{"embeddable":true,"href":"https:\/\/diarioregionaldigital.com.br\/index.php?rest_route=\/wp\/v2\/users\/246"}],"replies":[{"embeddable":true,"href":"https:\/\/diarioregionaldigital.com.br\/index.php?rest_route=%2Fwp%2Fv2%2Fcomments&post=182902"}],"version-history":[{"count":1,"href":"https:\/\/diarioregionaldigital.com.br\/index.php?rest_route=\/wp\/v2\/posts\/182902\/revisions"}],"predecessor-version":[{"id":182904,"href":"https:\/\/diarioregionaldigital.com.br\/index.php?rest_route=\/wp\/v2\/posts\/182902\/revisions\/182904"}],"wp:featuredmedia":[{"embeddable":true,"href":"https:\/\/diarioregionaldigital.com.br\/index.php?rest_route=\/wp\/v2\/media\/182903"}],"wp:attachment":[{"href":"https:\/\/diarioregionaldigital.com.br\/index.php?rest_route=%2Fwp%2Fv2%2Fmedia&parent=182902"}],"wp:term":[{"taxonomy":"category","embeddable":true,"href":"https:\/\/diarioregionaldigital.com.br\/index.php?rest_route=%2Fwp%2Fv2%2Fcategories&post=182902"},{"taxonomy":"post_tag","embeddable":true,"href":"https:\/\/diarioregionaldigital.com.br\/index.php?rest_route=%2Fwp%2Fv2%2Ftags&post=182902"}],"curies":[{"name":"wp","href":"https:\/\/api.w.org\/{rel}","templated":true}]}}