{"id":182899,"date":"2021-05-24T18:00:13","date_gmt":"2021-05-24T21:00:13","guid":{"rendered":"https:\/\/diarioregionaldigital.com.br\/?p=182899"},"modified":"2021-05-24T18:00:13","modified_gmt":"2021-05-24T21:00:13","slug":"neste-domingo-23-foi-inaugurada-a-feira-da-pechincha","status":"publish","type":"post","link":"https:\/\/diarioregionaldigital.com.br\/?p=182899","title":{"rendered":"Neste domingo, 23, foi inaugurada a Feira da Pechincha"},"content":{"rendered":"<p>Na manh\u00e3 deste domingo, 23, aconteceu o retorno da \u201cFeira da Pechincha\u201d em Juiz de Fora. As barracas foram instaladas em ruas adjacentes \u00e0 Avenida Brasil: a Farmac\u00eautico Vespasiano Pinto Vieira; a Padre J\u00falio Maria; a Leopoldo Schimidt; a Howyan e a Jos\u00e9 Calil Ahouagi.<\/p>\n<p>Segundo informa\u00e7\u00f5es do site da Prefeitura de Juiz de Fora, o novo local foi determinado ap\u00f3s di\u00e1logo entre a secret\u00e1ria de governo, Cidinha Louzada; a secret\u00e1ria de Sustentabilidade em Meio Ambiente e Atividades Urbanas, Aline Junqueira; e representantes da \u201cFeira da Pechincha\u201d. Na reuni\u00e3o, os feirantes se comprometeram a respeitar as normas sanit\u00e1rias de enfrentamento \u00e0 Covid-19 determinadas pelo Munic\u00edpio.<\/p>\n<p>A atual gest\u00e3o deseja regularizar a \u201cFeira da Pechincha\u201d, beneficiando os feirantes e os frequentadores, explica Cidinha Louzada\u00a0 \u00a0\u201cFicamos muito satisfeitos em ver a rea\u00e7\u00e3o dos feirantes que comercializam na Feira da Pechincha. Est\u00e3o se sentindo valorizados com a nossa proposta de regulariza\u00e7\u00e3o. No domingo, ap\u00f3s o sucesso da Feira da Pechincha, recebi muitas mensagens de gratid\u00e3o e felicidade por terem voltado ao trabalho\u201d, conta. A secret\u00e1ria lembra, ainda, que a ideia da \u201cFeira da Pechincha\u201d \u00e9 similar a do \u201cmercado de pulgas\u201d, tradicional em cidades da Europa e em outros pa\u00edses da Am\u00e9rica do Sul, como Argentina e Chile.<\/p>\n<p>Ser\u00e1 realizada reuni\u00e3o entre representantes de diversos setores da PJF e membros da \u201cFeira da Pechincha\u201d, nesta ter\u00e7a-feira, 25, com o objetivo de discutir os pr\u00f3ximos passos para a regulariza\u00e7\u00e3o dos feirantes. \u201cEstamos em di\u00e1logo, ouvindo os anseios dos feirantes e trabalhando para regularizar a Feira da Pechincha\u201d, afirma Cidinha.<\/p>\n","protected":false},"excerpt":{"rendered":"<p>Na manh\u00e3 deste domingo, 23, aconteceu o retorno da \u201cFeira da Pechincha\u201d em Juiz de Fora. As barracas foram instaladas em ruas adjacentes \u00e0 Avenida Brasil: a Farmac\u00eautico Vespasiano Pinto Vieira; a Padre J\u00falio Maria; a Leopoldo Schimidt; a Howyan e a Jos\u00e9 Calil Ahouagi. Segundo informa\u00e7\u00f5es do site da Prefeitura de Juiz de Fora, [&hellip;]<\/p>\n","protected":false},"author":246,"featured_media":182900,"comment_status":"closed","ping_status":"closed","sticky":false,"template":"","format":"standard","meta":{"footnotes":""},"categories":[253,436,439],"tags":[],"class_list":["post-182899","post","type-post","status-publish","format-standard","has-post-thumbnail","hentry","category-cidade","category-destaque-da-semana","category-ultima-hora"],"_links":{"self":[{"href":"https:\/\/diarioregionaldigital.com.br\/index.php?rest_route=\/wp\/v2\/posts\/182899","targetHints":{"allow":["GET"]}}],"collection":[{"href":"https:\/\/diarioregionaldigital.com.br\/index.php?rest_route=\/wp\/v2\/posts"}],"about":[{"href":"https:\/\/diarioregionaldigital.com.br\/index.php?rest_route=\/wp\/v2\/types\/post"}],"author":[{"embeddable":true,"href":"https:\/\/diarioregionaldigital.com.br\/index.php?rest_route=\/wp\/v2\/users\/246"}],"replies":[{"embeddable":true,"href":"https:\/\/diarioregionaldigital.com.br\/index.php?rest_route=%2Fwp%2Fv2%2Fcomments&post=182899"}],"version-history":[{"count":1,"href":"https:\/\/diarioregionaldigital.com.br\/index.php?rest_route=\/wp\/v2\/posts\/182899\/revisions"}],"predecessor-version":[{"id":182901,"href":"https:\/\/diarioregionaldigital.com.br\/index.php?rest_route=\/wp\/v2\/posts\/182899\/revisions\/182901"}],"wp:featuredmedia":[{"embeddable":true,"href":"https:\/\/diarioregionaldigital.com.br\/index.php?rest_route=\/wp\/v2\/media\/182900"}],"wp:attachment":[{"href":"https:\/\/diarioregionaldigital.com.br\/index.php?rest_route=%2Fwp%2Fv2%2Fmedia&parent=182899"}],"wp:term":[{"taxonomy":"category","embeddable":true,"href":"https:\/\/diarioregionaldigital.com.br\/index.php?rest_route=%2Fwp%2Fv2%2Fcategories&post=182899"},{"taxonomy":"post_tag","embeddable":true,"href":"https:\/\/diarioregionaldigital.com.br\/index.php?rest_route=%2Fwp%2Fv2%2Ftags&post=182899"}],"curies":[{"name":"wp","href":"https:\/\/api.w.org\/{rel}","templated":true}]}}