{"id":182896,"date":"2021-05-24T17:55:37","date_gmt":"2021-05-24T20:55:37","guid":{"rendered":"https:\/\/diarioregionaldigital.com.br\/?p=182896"},"modified":"2021-05-24T17:55:37","modified_gmt":"2021-05-24T20:55:37","slug":"mais-de-100-vistorias-foram-realizadas-pela-equipe-de-fiscalizacao-neste-final-de-semana","status":"publish","type":"post","link":"https:\/\/diarioregionaldigital.com.br\/?p=182896","title":{"rendered":"Mais de 100 vistorias foram realizadas pela Equipe de Fiscaliza\u00e7\u00e3o neste final de semana"},"content":{"rendered":"<p>Entre sexta-feira, 21, e domingo, 23, a equipe da opera\u00e7\u00e3o \u201cFiscaliza\u00e7\u00e3o pela Vida\u201d realizou 110 vistorias com o objetivo de orientar a popula\u00e7\u00e3o e verificar o cumprimento dos protocolos sanit\u00e1rios de enfrentamento \u00e0 Covid-19. Foram emitidos cerca de 12 autos de notifica\u00e7\u00e3o e cinco dilig\u00eancias fiscais, pelos fiscais de posturas da Secretaria de Sustentabilidade em Meio Ambiente e Atividades Urbanas (Sesmaur), sendo a maioria destinada para locais onde foi identificada a pr\u00e1tica de atividade esportiva coletiva.<\/p>\n<p>Segundo informa\u00e7\u00f5es do site da Prefeitura de Juiz de Fora, com o avan\u00e7o do munic\u00edpio para a Faixa Laranja do \u201cJuiz de Fora pela Vida\u201d, a \u201cFeira da Pechincha\u201d retornou neste domingo, seguindo as normas de funcionamento determinadas pelo Executivo. Os feirantes ocuparam as ruas Farmac\u00eautico Vespasiano Pinto Vieira; Padre J\u00falio Maria; Leopoldo Schimidt; Howyan e Jos\u00e9 Calil Ahouagi. Com o intuito de manter a organiza\u00e7\u00e3o prevista, a Guarda Municipal atuou em apoio \u00e0 nova log\u00edstica de disposi\u00e7\u00e3o das barracas de artes\u00e3os e pequenos comerciantes. As equipes chegaram \u00e0s 4h da manh\u00e3 e se mantiveram no local durante todo o per\u00edodo. Os agentes de transporte e tr\u00e2nsito da Secretaria de Mobilidade Urbana (SMU) tamb\u00e9m atuaram no local durante todo o tempo de realiza\u00e7\u00e3o da \u201cFeira da Pechincha\u201d a fim de orientar o tr\u00e2nsito, j\u00e1 que houve interdi\u00e7\u00e3o da margem direita da Avenida Brasil.<\/p>\n","protected":false},"excerpt":{"rendered":"<p>Entre sexta-feira, 21, e domingo, 23, a equipe da opera\u00e7\u00e3o \u201cFiscaliza\u00e7\u00e3o pela Vida\u201d realizou 110 vistorias com o objetivo de orientar a popula\u00e7\u00e3o e verificar o cumprimento dos protocolos sanit\u00e1rios de enfrentamento \u00e0 Covid-19. Foram emitidos cerca de 12 autos de notifica\u00e7\u00e3o e cinco dilig\u00eancias fiscais, pelos fiscais de posturas da Secretaria de Sustentabilidade em [&hellip;]<\/p>\n","protected":false},"author":246,"featured_media":182897,"comment_status":"closed","ping_status":"closed","sticky":false,"template":"","format":"standard","meta":{"footnotes":""},"categories":[253,439],"tags":[],"class_list":["post-182896","post","type-post","status-publish","format-standard","has-post-thumbnail","hentry","category-cidade","category-ultima-hora"],"_links":{"self":[{"href":"https:\/\/diarioregionaldigital.com.br\/index.php?rest_route=\/wp\/v2\/posts\/182896","targetHints":{"allow":["GET"]}}],"collection":[{"href":"https:\/\/diarioregionaldigital.com.br\/index.php?rest_route=\/wp\/v2\/posts"}],"about":[{"href":"https:\/\/diarioregionaldigital.com.br\/index.php?rest_route=\/wp\/v2\/types\/post"}],"author":[{"embeddable":true,"href":"https:\/\/diarioregionaldigital.com.br\/index.php?rest_route=\/wp\/v2\/users\/246"}],"replies":[{"embeddable":true,"href":"https:\/\/diarioregionaldigital.com.br\/index.php?rest_route=%2Fwp%2Fv2%2Fcomments&post=182896"}],"version-history":[{"count":1,"href":"https:\/\/diarioregionaldigital.com.br\/index.php?rest_route=\/wp\/v2\/posts\/182896\/revisions"}],"predecessor-version":[{"id":182898,"href":"https:\/\/diarioregionaldigital.com.br\/index.php?rest_route=\/wp\/v2\/posts\/182896\/revisions\/182898"}],"wp:featuredmedia":[{"embeddable":true,"href":"https:\/\/diarioregionaldigital.com.br\/index.php?rest_route=\/wp\/v2\/media\/182897"}],"wp:attachment":[{"href":"https:\/\/diarioregionaldigital.com.br\/index.php?rest_route=%2Fwp%2Fv2%2Fmedia&parent=182896"}],"wp:term":[{"taxonomy":"category","embeddable":true,"href":"https:\/\/diarioregionaldigital.com.br\/index.php?rest_route=%2Fwp%2Fv2%2Fcategories&post=182896"},{"taxonomy":"post_tag","embeddable":true,"href":"https:\/\/diarioregionaldigital.com.br\/index.php?rest_route=%2Fwp%2Fv2%2Ftags&post=182896"}],"curies":[{"name":"wp","href":"https:\/\/api.w.org\/{rel}","templated":true}]}}