{"id":182893,"date":"2021-05-24T17:49:30","date_gmt":"2021-05-24T20:49:30","guid":{"rendered":"https:\/\/diarioregionaldigital.com.br\/?p=182893"},"modified":"2021-05-24T17:49:30","modified_gmt":"2021-05-24T20:49:30","slug":"acontece-no-sport-e-no-ru-a-vacinacao-contra-covid-19-de-pessoas-com-comorbidade-e-deficiencia-permanente-entre-18-e-40-anos","status":"publish","type":"post","link":"https:\/\/diarioregionaldigital.com.br\/?p=182893","title":{"rendered":"Acontece no Sport e no RU, a vacina\u00e7\u00e3o contra Covid-19 de pessoas com comorbidade e defici\u00eancia permanente entre 18 e 40 anos\u00a0\u00a0"},"content":{"rendered":"<p>At\u00e9 o fim desta semana, a Secretaria de Sa\u00fade (SS) da Prefeitura de Juiz de Fora (PJF) pretende finalizar a aplica\u00e7\u00e3o da primeira dose da vacina contra a Covid-19 em todas as pessoas com comorbidades e defici\u00eancia permanente listadas como priorit\u00e1rias.\u00a0 Iniciada nesta segunda-feira, 24, e, ao longo da semana, nesta nova etapa a imuniza\u00e7\u00e3o ser\u00e1 dividida por faixas et\u00e1rias e realizada no Sport Club JF e no RU (Centro) da UFJF. As datas foram estipuladas desta maneira para que mais pessoas pudessem receber sua dose da vacina com um menor per\u00edodo de espera.<\/p>\n<p>Nesta segunda-feira, 24, ser\u00e3o vacinadas as pessoas com comorbidade e defici\u00eancia permanente de 36, 37, 38 e 39, exclusivamente no Sport Club, das 8h \u00e0s 16h. A partir da ter\u00e7a-feira, 25, a imuniza\u00e7\u00e3o ser\u00e1 dividida entre o Sport Club e o RU, com aplica\u00e7\u00e3o das vacinas das 8h \u00e0s 16h em ambos os locais, seguindo divis\u00e3o et\u00e1ria para melhor atendimento ao p\u00fablico-alvo.<\/p>\n<p>Segundo informa\u00e7\u00f5es do site da Prefeitura de Juiz de Fora, na ter\u00e7a-feira, dia 25, pessoas com comorbidade ou defici\u00eancia permanente com 34 e 35 ser\u00e3o vacinadas no Sport Club, enquanto aquelas de 32 e 33 anos receber\u00e3o a primeira dose do imunizante no RU Centro. Na quarta, 26, pessoas com 30 e 31 anos ser\u00e3o vacinadas no Sport, e aquelas com 28 e 29 devem ir ao RU. J\u00e1 na quinta, 27, ser\u00e1 a vez das pessoas com 26 e 27 anos receberem o imunizante no Sport, enquanto as de 24 e 25 anos o fazem no RU. Para finalizar a imuniza\u00e7\u00e3o por faixas et\u00e1rias das pessoas com comorbidade e defici\u00eancia permanente, na sexta-feira, dia 28, as pessoas de 21, 22 e 23 anos devem ir ao Sport, ao passo que aquelas de 18, 19 e 20 anos recebem a dose da vacina no RU.<\/p>\n<p><b>Fique atento<\/b><\/p>\n<p>A Secretaria de Sa\u00fade pede muita aten\u00e7\u00e3o \u00e0s datas, pois as pessoas devem ir no dia correspondente \u00e0s suas idades. Para quem perder ou n\u00e3o puder comparecer, dever\u00e1 se dirigir no s\u00e1bado, dia 29, das 8h \u00e0s 16h, ao Sport ou ao drive-thru da UFJF. Autistas, pessoas com S\u00edndrome de Down, gr\u00e1vidas e pu\u00e9rperas (mulheres que tiveram filho recentemente) poder\u00e3o seguir sendo vacinados no Sport, de segunda a sexta-feira, das 8h \u00e0s 16h. N\u00e3o haver\u00e1 vacina\u00e7\u00e3o contra a Covid-19 nas UBSs ao longo desta semana.<\/p>\n<p><b>Comorbidades que s\u00e3o priorizadas para imuniza\u00e7\u00e3o<\/b><\/p>\n<p>Dentre as comorbidades inclu\u00eddas como priorit\u00e1rias para o processo de vacina\u00e7\u00e3o contra o coronav\u00edrus encontram-se: diabetes, doen\u00e7as do cora\u00e7\u00e3o, doen\u00e7as pulmonares, hipertens\u00e3o arterial, c\u00e2ncer, insufici\u00eancia renal, imunossuprimidos, obesidade grau 3 (IMC\u226540), cerebrovasculares, transplantados de \u00f3rg\u00e3o s\u00f3lido ou de medula \u00f3ssea, cirrose hep\u00e1tica e anemia falciforme. As comorbidades est\u00e3o descritas no Plano de Operacionaliza\u00e7\u00e3o da Vacina\u00e7\u00e3o contra a Covid-19. A lista completa das comorbidades atendidas neste momento pode ser verificada\u00a0<a href=\"https:\/\/covid19.pjf.mg.gov.br\/vacinacao_comorbidades.php%3Cbr%20\/%3E\"><b>no site da PJF.<\/b><\/a><\/p>\n<p><b>Documentos que comprovam comorbidades e Defici\u00eancia Permanente<\/b><br \/>\nComo comprovante para as comorbidades podem ser apresentados: atestado m\u00e9dico ou declara\u00e7\u00e3o m\u00e9dica informando a comorbidade, ou receita de um medicamento de uso cont\u00ednuo, usado no tratamento, ou outro documento que identifique o acompanhamento da condi\u00e7\u00e3o cr\u00f4nica ou comorbidade listada. Todos estes t\u00eam que ter sido emitidos h\u00e1, no m\u00e1ximo, 12 meses. Para o caso das pessoas com defici\u00eancia, ser\u00e1 necess\u00e1rio um laudo m\u00e9dico dos \u00faltimos 12 meses que comprove a defici\u00eancia permanente. Al\u00e9m disso, devem ser apresentados, originais e c\u00f3pias, do Documento de Identidade (RG), CPF &#8211; nos casos que o n\u00famero n\u00e3o conste no RG &#8211; e comprovante de resid\u00eancia.<\/p>\n<p><b>Confira aqui o calend\u00e1rio das pessoas com comorbidades e defici\u00eancia permanente<\/b><\/p>\n<p>*Segunda-feira, dia 24:<br \/>\n36, 37, 38 e 39 anos, no Sport, das 8 \u00e0s 16h<\/p>\n<p>*Ter\u00e7a-feira, dia 25:<br \/>\n34 e 35 anos, no Sport, das 8h \u00e0s 16h<br \/>\n32 e 33 anos, no RU Centro, das 9h \u00e0s 16h<\/p>\n<p>*Quarta-feira, dia 26:<br \/>\n30 e 31 anos, no Sport, das 8h \u00e0s 16h<br \/>\n28 e 29, no RU Centro, das 9h \u00e0s 16h<\/p>\n<p>*Quinta-feira, dia 27:<br \/>\n26 e 27 anos, no Sport, das 8h \u00e0s 16h<br \/>\n24 e 25 anos, no RU Centro, das 9h \u00e0s 16h<\/p>\n<p>*Sexta-feira, dia 28:<br \/>\n21, 22 e 23 anos, no Sport, das 8 \u00e0s 16h<br \/>\n18, 19 e 20 anos, no RU Centro, das 9h \u00e0s 16h<\/p>\n<p>*S\u00e1bado, dia 29, as pessoas que n\u00e3o puderam comparecer no dia marcado poder\u00e3o ser imunizadas no Sport e no drive-thru da UFJF.<\/p>\n<p><b>Outros Grupos<\/b><\/p>\n<p>*Autistas; pessoas com S\u00edndrome de Down; gr\u00e1vidas e pu\u00e9rperas com comorbidades seguem podendo receber a vacina contra a covid-19 no Sport Club, de segunda a sexta-feira, das 8h \u00e0s 16h.<\/p>\n<p><b>Endere\u00e7os dos locais de vacina\u00e7\u00e3o contra Covid-19:<\/b><\/p>\n<p>Sport Club Juiz de Fora<br \/>\nAvenida Bar\u00e3o do Rio Branco, 1.303, centro<\/p>\n<p>Drive-Thru UFJF<br \/>\nEstacionamento da Faculdade de Educa\u00e7\u00e3o (Faced) da UFJF<\/p>\n<p>Restaurante Universit\u00e1rio (RU) da UFJF<br \/>\nRua Santo Ant\u00f4nio, esquina com a Rua Benjamin Constant, s\/n, ao lado do Museu de Arte Murilo (Mamm), no Centro.<\/p>\n","protected":false},"excerpt":{"rendered":"<p>At\u00e9 o fim desta semana, a Secretaria de Sa\u00fade (SS) da Prefeitura de Juiz de Fora (PJF) pretende finalizar a aplica\u00e7\u00e3o da primeira dose da vacina contra a Covid-19 em todas as pessoas com comorbidades e defici\u00eancia permanente listadas como priorit\u00e1rias.\u00a0 Iniciada nesta segunda-feira, 24, e, ao longo da semana, nesta nova etapa a imuniza\u00e7\u00e3o [&hellip;]<\/p>\n","protected":false},"author":246,"featured_media":182894,"comment_status":"closed","ping_status":"closed","sticky":false,"template":"","format":"standard","meta":{"footnotes":""},"categories":[253,440,439],"tags":[],"class_list":["post-182893","post","type-post","status-publish","format-standard","has-post-thumbnail","hentry","category-cidade","category-destaques-do-dia","category-ultima-hora"],"_links":{"self":[{"href":"https:\/\/diarioregionaldigital.com.br\/index.php?rest_route=\/wp\/v2\/posts\/182893","targetHints":{"allow":["GET"]}}],"collection":[{"href":"https:\/\/diarioregionaldigital.com.br\/index.php?rest_route=\/wp\/v2\/posts"}],"about":[{"href":"https:\/\/diarioregionaldigital.com.br\/index.php?rest_route=\/wp\/v2\/types\/post"}],"author":[{"embeddable":true,"href":"https:\/\/diarioregionaldigital.com.br\/index.php?rest_route=\/wp\/v2\/users\/246"}],"replies":[{"embeddable":true,"href":"https:\/\/diarioregionaldigital.com.br\/index.php?rest_route=%2Fwp%2Fv2%2Fcomments&post=182893"}],"version-history":[{"count":1,"href":"https:\/\/diarioregionaldigital.com.br\/index.php?rest_route=\/wp\/v2\/posts\/182893\/revisions"}],"predecessor-version":[{"id":182895,"href":"https:\/\/diarioregionaldigital.com.br\/index.php?rest_route=\/wp\/v2\/posts\/182893\/revisions\/182895"}],"wp:featuredmedia":[{"embeddable":true,"href":"https:\/\/diarioregionaldigital.com.br\/index.php?rest_route=\/wp\/v2\/media\/182894"}],"wp:attachment":[{"href":"https:\/\/diarioregionaldigital.com.br\/index.php?rest_route=%2Fwp%2Fv2%2Fmedia&parent=182893"}],"wp:term":[{"taxonomy":"category","embeddable":true,"href":"https:\/\/diarioregionaldigital.com.br\/index.php?rest_route=%2Fwp%2Fv2%2Fcategories&post=182893"},{"taxonomy":"post_tag","embeddable":true,"href":"https:\/\/diarioregionaldigital.com.br\/index.php?rest_route=%2Fwp%2Fv2%2Ftags&post=182893"}],"curies":[{"name":"wp","href":"https:\/\/api.w.org\/{rel}","templated":true}]}}