{"id":182890,"date":"2021-05-24T17:39:00","date_gmt":"2021-05-24T20:39:00","guid":{"rendered":"https:\/\/diarioregionaldigital.com.br\/?p=182890"},"modified":"2021-05-24T17:39:00","modified_gmt":"2021-05-24T20:39:00","slug":"selecao-feminina-de-volei-estreia-nesta-terca-na-liga-da-nacoes-contra-o-canada","status":"publish","type":"post","link":"https:\/\/diarioregionaldigital.com.br\/?p=182890","title":{"rendered":"Sele\u00e7\u00e3o feminina de v\u00f4lei estreia nesta ter\u00e7a na Liga da Na\u00e7\u00f5es contra o Canad\u00e1"},"content":{"rendered":"<p>A sele\u00e7\u00e3o feminina de v\u00f4lei estreia na Liga das Na\u00e7\u00f5es 2021 nesta ter\u00e7a-feira (25.05), na competi\u00e7\u00e3o que acontece em sistema de bolha na cidade de Rimini, na It\u00e1lia. O time comandado pelo treinador Jos\u00e9 Roberto Guimar\u00e3es jogar\u00e1 com o Canad\u00e1 a partir das 16h (de Bras\u00edlia).<\/p>\n<p>Essa ser\u00e1 a primeira competi\u00e7\u00e3o oficial do time desde a disputa da Copa do Mundo em 2019, j\u00e1 que o ano de 2020 foi sem eventos em fun\u00e7\u00e3o da pandemia da COVID-19. A Liga das Na\u00e7\u00f5es ser\u00e1 de 25 de maio a 27 de junho. As sele\u00e7\u00f5es disputar\u00e3o 15 partidas na fase classificat\u00f3ria. Os quatro melhores se classificam para a fase final.<\/p>\n<p>\u201cA Liga das Na\u00e7\u00f5es vai nos possibilitar jogar contra as melhores sele\u00e7\u00f5es do mundo. Acreditamos que precisamos jogar e colocar as nossas atletas em a\u00e7\u00e3o para irmos moldando o time e ver quais jogadoras que v\u00e3o representar o Brasil nos Jogos de T\u00f3quio&#8221;, afirmou o t\u00e9cnico Jos\u00e9 Roberto Guimar\u00e3es. &#8220;Temos que aproveitar ao m\u00e1ximo esse tempo na It\u00e1lia para chegarmos bem em T\u00f3quio, que \u00e9 o nosso principal objetivo\u201d.<\/p>\n<p>A oposta Sheilla, que vai disputar a competi\u00e7\u00e3o pela primeira vez, tamb\u00e9m chamou a aten\u00e7\u00e3o para a relev\u00e2ncia da competi\u00e7\u00e3o. \u201cA Liga das Na\u00e7\u00f5es \u00e9 muito importante, ainda mais em ano ol\u00edmpico. Vai ser o momento para o Z\u00e9 Roberto definir o grupo para T\u00f3quio. Tenho evolu\u00eddo fisicamente a cada dia e estou motivada para disputar essa competi\u00e7\u00e3o pela primeira vez\u201d, afirmou Sheilla.<\/p>\n<p>Na \u00faltima edi\u00e7\u00e3o do evento disputada em 2019, o Brasil ficou com a medalha de prata no feminino.<\/p>\n<p>Fonte: Confedera\u00e7\u00e3o Brasileira de V\u00f4lei<\/p>\n","protected":false},"excerpt":{"rendered":"<p>A sele\u00e7\u00e3o feminina de v\u00f4lei estreia na Liga das Na\u00e7\u00f5es 2021 nesta ter\u00e7a-feira (25.05), na competi\u00e7\u00e3o que acontece em sistema de bolha na cidade de Rimini, na It\u00e1lia. O time comandado pelo treinador Jos\u00e9 Roberto Guimar\u00e3es jogar\u00e1 com o Canad\u00e1 a partir das 16h (de Bras\u00edlia). Essa ser\u00e1 a primeira competi\u00e7\u00e3o oficial do time desde [&hellip;]<\/p>\n","protected":false},"author":246,"featured_media":182891,"comment_status":"closed","ping_status":"closed","sticky":false,"template":"","format":"standard","meta":{"footnotes":""},"categories":[436,257,439],"tags":[],"class_list":["post-182890","post","type-post","status-publish","format-standard","has-post-thumbnail","hentry","category-destaque-da-semana","category-esporte","category-ultima-hora"],"_links":{"self":[{"href":"https:\/\/diarioregionaldigital.com.br\/index.php?rest_route=\/wp\/v2\/posts\/182890","targetHints":{"allow":["GET"]}}],"collection":[{"href":"https:\/\/diarioregionaldigital.com.br\/index.php?rest_route=\/wp\/v2\/posts"}],"about":[{"href":"https:\/\/diarioregionaldigital.com.br\/index.php?rest_route=\/wp\/v2\/types\/post"}],"author":[{"embeddable":true,"href":"https:\/\/diarioregionaldigital.com.br\/index.php?rest_route=\/wp\/v2\/users\/246"}],"replies":[{"embeddable":true,"href":"https:\/\/diarioregionaldigital.com.br\/index.php?rest_route=%2Fwp%2Fv2%2Fcomments&post=182890"}],"version-history":[{"count":1,"href":"https:\/\/diarioregionaldigital.com.br\/index.php?rest_route=\/wp\/v2\/posts\/182890\/revisions"}],"predecessor-version":[{"id":182892,"href":"https:\/\/diarioregionaldigital.com.br\/index.php?rest_route=\/wp\/v2\/posts\/182890\/revisions\/182892"}],"wp:featuredmedia":[{"embeddable":true,"href":"https:\/\/diarioregionaldigital.com.br\/index.php?rest_route=\/wp\/v2\/media\/182891"}],"wp:attachment":[{"href":"https:\/\/diarioregionaldigital.com.br\/index.php?rest_route=%2Fwp%2Fv2%2Fmedia&parent=182890"}],"wp:term":[{"taxonomy":"category","embeddable":true,"href":"https:\/\/diarioregionaldigital.com.br\/index.php?rest_route=%2Fwp%2Fv2%2Fcategories&post=182890"},{"taxonomy":"post_tag","embeddable":true,"href":"https:\/\/diarioregionaldigital.com.br\/index.php?rest_route=%2Fwp%2Fv2%2Ftags&post=182890"}],"curies":[{"name":"wp","href":"https:\/\/api.w.org\/{rel}","templated":true}]}}