{"id":182886,"date":"2021-05-24T17:34:42","date_gmt":"2021-05-24T20:34:42","guid":{"rendered":"https:\/\/diarioregionaldigital.com.br\/?p=182886"},"modified":"2021-05-24T17:34:42","modified_gmt":"2021-05-24T20:34:42","slug":"duplas-masculinas-tracam-estrategias-distintas-para-a-reta-final-rumo-a-toquio","status":"publish","type":"post","link":"https:\/\/diarioregionaldigital.com.br\/?p=182886","title":{"rendered":"Duplas masculinas tra\u00e7am estrat\u00e9gias distintas para a reta final rumo a T\u00f3quio"},"content":{"rendered":"<p>A dois meses do in\u00edcio dos Jogos Ol\u00edmpicos de T\u00f3quio, as duplas que representar\u00e3o o Brasil no torneio masculino de v\u00f4lei de praia est\u00e3o com foco total na prepara\u00e7\u00e3o. Mas, em um ciclo ol\u00edmpico diferente em fun\u00e7\u00e3o da pandemia da COVID-19, cada uma seguir\u00e1 um caminho pr\u00f3prio at\u00e9 a disputa na arena montada no parque Shiokaze, na capital japonesa.<\/p>\n<p>No \u00faltimo s\u00e1bado (22.05), Alison e \u00c1lvaro Filho embarcaram para a R\u00fassia, onde jogar\u00e3o pelo Circuito Mundial em Sochi, entre 26 e 30 de maio. Na sequ\u00eancia, Ostrava, na Rep\u00fablica Tcheca, recebe mais uma etapa da competi\u00e7\u00e3o internacional, de 2 a 6 de junho.<\/p>\n<p>\u201cEstamos treinando forte, mantendo a rotina de prepara\u00e7\u00e3o, seguindo os protocolos de seguran\u00e7a. Este foi um ciclo bem diferente para mim em v\u00e1rios sentidos: pandemia, adiamento dos Jogos, um novo parceiro, uma corrida ol\u00edmpica complicada, tive COVID, minha filha nasceu&#8230; Estamos crescendo, evoluindo como dupla, a sequ\u00eancia de etapas no M\u00e9xico fez com que nosso time subisse mais um degrau. Estamos nos dedicando ao m\u00e1ximo\u201d, afirmou o campe\u00e3o ol\u00edmpico Alison.<\/p>\n<p>Se disputar os Jogos Ol\u00edmpicos n\u00e3o fosse motiva\u00e7\u00e3o suficiente, a dupla vive outro momento especial fora de quadra. \u00c1lvaro foi pai de Dom em outubro de 2020, e Catarina, filha de Alison, nasceu em fevereiro deste ano. \u201cTanto eu quanto o \u00c1lvaro fomos pais, eu da Catarina, ele do Dom, e isso trouxe emo\u00e7\u00e3o, alegria e responsabilidade ainda maior para a gente. Somos pais agora e ganhamos torcedores especiais nesse per\u00edodo t\u00e3o dif\u00edcil, que trouxeram sentidos diferentes para as nossas vidas e carreiras\u201d, destacou Alison.<\/p>\n<p>A outra dupla ol\u00edmpica brasileira n\u00e3o participar\u00e1 das etapas de Sochi e Ostrava. Com Bruno Schmidt buscando melhorar a forma f\u00edsica ap\u00f3s se recuperar da interna\u00e7\u00e3o por COVID-19 em fevereiro, ele e Evandro v\u00e3o intensificar os treinamentos no Brasil, com direito a dois per\u00edodos de treinos no Centro de Desenvolvimento de Voleibol (CDV), em Saquarema (RJ), de 24 a 28 de maio e 7 a 11 de junho.<\/p>\n<p>\u201cA inten\u00e7\u00e3o de ter ido para Canc\u00fan era justamente averiguar minha situa\u00e7\u00e3o atl\u00e9tica. E a gente diagnosticou problemas que estamos atacando diretamente. Obviamente, pela minha situa\u00e7\u00e3o de ter ficado bem debilitado em fun\u00e7\u00e3o da COVID, isso prejudicou minha parte f\u00edsica. Ent\u00e3o estamos tentando contornar esse problema. Acho que competir sem uma parte f\u00edsica adequada n\u00e3o \u00e9 vantajoso. Pode at\u00e9 ser perigoso eu me lesionar e ficar fora dos Jogos. Como temos os Jogos Ol\u00edmpicos, o objetivo realmente agora \u00e9 l\u00e1\u201d, explicou Bruno.<\/p>\n<p>At\u00e9 os Jogos Ol\u00edmpicos, ainda h\u00e1 a previs\u00e3o da etapa do Circuito Mundial em Gstaad, na Su\u00ed\u00e7a, de 6 a 11 de julho, al\u00e9m da nona etapa do Circuito Brasileiro e do SuperPraia, que ainda ter\u00e3o as datas e locais divulgados pela Confedera\u00e7\u00e3o Brasileira de V\u00f4lei. Os quatro atletas s\u00e3o integrantes da categoria P\u00f3dio, a principal do Bolsa Atleta, programa de patroc\u00ednio individual do Governo Federal, executado pela Secretaria Especial do Esporte do Minist\u00e9rio da Cidadania.<\/p>\n<p>Fonte: Confedera\u00e7\u00e3o Brasileira de V\u00f4lei<\/p>\n","protected":false},"excerpt":{"rendered":"<p>A dois meses do in\u00edcio dos Jogos Ol\u00edmpicos de T\u00f3quio, as duplas que representar\u00e3o o Brasil no torneio masculino de v\u00f4lei de praia est\u00e3o com foco total na prepara\u00e7\u00e3o. Mas, em um ciclo ol\u00edmpico diferente em fun\u00e7\u00e3o da pandemia da COVID-19, cada uma seguir\u00e1 um caminho pr\u00f3prio at\u00e9 a disputa na arena montada no parque [&hellip;]<\/p>\n","protected":false},"author":246,"featured_media":182887,"comment_status":"closed","ping_status":"closed","sticky":false,"template":"","format":"standard","meta":{"footnotes":""},"categories":[436,257,439],"tags":[],"class_list":["post-182886","post","type-post","status-publish","format-standard","has-post-thumbnail","hentry","category-destaque-da-semana","category-esporte","category-ultima-hora"],"_links":{"self":[{"href":"https:\/\/diarioregionaldigital.com.br\/index.php?rest_route=\/wp\/v2\/posts\/182886","targetHints":{"allow":["GET"]}}],"collection":[{"href":"https:\/\/diarioregionaldigital.com.br\/index.php?rest_route=\/wp\/v2\/posts"}],"about":[{"href":"https:\/\/diarioregionaldigital.com.br\/index.php?rest_route=\/wp\/v2\/types\/post"}],"author":[{"embeddable":true,"href":"https:\/\/diarioregionaldigital.com.br\/index.php?rest_route=\/wp\/v2\/users\/246"}],"replies":[{"embeddable":true,"href":"https:\/\/diarioregionaldigital.com.br\/index.php?rest_route=%2Fwp%2Fv2%2Fcomments&post=182886"}],"version-history":[{"count":2,"href":"https:\/\/diarioregionaldigital.com.br\/index.php?rest_route=\/wp\/v2\/posts\/182886\/revisions"}],"predecessor-version":[{"id":182889,"href":"https:\/\/diarioregionaldigital.com.br\/index.php?rest_route=\/wp\/v2\/posts\/182886\/revisions\/182889"}],"wp:featuredmedia":[{"embeddable":true,"href":"https:\/\/diarioregionaldigital.com.br\/index.php?rest_route=\/wp\/v2\/media\/182887"}],"wp:attachment":[{"href":"https:\/\/diarioregionaldigital.com.br\/index.php?rest_route=%2Fwp%2Fv2%2Fmedia&parent=182886"}],"wp:term":[{"taxonomy":"category","embeddable":true,"href":"https:\/\/diarioregionaldigital.com.br\/index.php?rest_route=%2Fwp%2Fv2%2Fcategories&post=182886"},{"taxonomy":"post_tag","embeddable":true,"href":"https:\/\/diarioregionaldigital.com.br\/index.php?rest_route=%2Fwp%2Fv2%2Ftags&post=182886"}],"curies":[{"name":"wp","href":"https:\/\/api.w.org\/{rel}","templated":true}]}}