{"id":182883,"date":"2021-05-24T17:31:11","date_gmt":"2021-05-24T20:31:11","guid":{"rendered":"https:\/\/diarioregionaldigital.com.br\/?p=182883"},"modified":"2021-05-24T17:31:11","modified_gmt":"2021-05-24T20:31:11","slug":"selecao-masculina-de-volei-vence-terceiro-amistoso-contra-venezuela-e-viaja-para-a-liga-das-nacoes","status":"publish","type":"post","link":"https:\/\/diarioregionaldigital.com.br\/?p=182883","title":{"rendered":"Sele\u00e7\u00e3o masculina de v\u00f4lei vence terceiro amistoso contra Venezuela e viaja para a Liga das Na\u00e7\u00f5es"},"content":{"rendered":"<p>A sele\u00e7\u00e3o masculina de v\u00f4lei encerrou a s\u00e9rie de tr\u00eas amistosos contra a Venezuela com mais uma vit\u00f3ria na prepara\u00e7\u00e3o da equipe para a Liga das Na\u00e7\u00f5es. Na manh\u00e3 do domingo (23.05), o Brasil venceu novamente por 3 sets a 0, parciais de 25\/15, 25\/15 e 25\/19, na Arena Carioca 3, no Rio de Janeiro (RJ).<\/p>\n<p>\u201cA gente sabia que era importante por causa do ritmo de jogo. Colocar a camisa, ter aquele friozinho na barriga. Sabemos que a Venezuela hoje ainda n\u00e3o faz parte de um n\u00edvel top internacional, mas \u00e9 uma equipe que est\u00e1 classificada para as Olimp\u00edadas, que faz coisas interessantes, que for\u00e7a o saque, o que era importante para a gente trabalhar. E hoje deu para ver que falta entrosamento, seja um pouco na comunica\u00e7\u00e3o do passe, seja em rela\u00e7\u00e3o ao acerto de bola com os atacantes. Foi o primeiro dia que a gente jogou com Leal e Lucarelli. Serve para a gente ir azeitando cada vez mais e ganhando esse entrosamento\u201d, disse o capit\u00e3o Bruninho.<\/p>\n<p>A delega\u00e7\u00e3o brasileira viajou para a It\u00e1lia, para a disputa da Liga das Na\u00e7\u00f5es, que ser\u00e1 realizada em sistema de bolha na cidade de Rimini, em ambos os naipes. A competi\u00e7\u00e3o acontecer\u00e1 entre 25 de maio e 27 de junho.<\/p>\n<p>A sele\u00e7\u00e3o masculina estreia na sexta-feira (28.05), contra a Argentina, a partir das 16h. No s\u00e1bado (29.05), tamb\u00e9m \u00e0s 16h, o confronto \u00e9 contra os Estados Unidos. O Canad\u00e1 \u00e9 o advers\u00e1rio no domingo (30.05), \u00e0s 13h. O SporTV 2 transmite a competi\u00e7\u00e3o.<\/p>\n<p>\u201cVai ser um m\u00eas de bolha na It\u00e1lia. A gente sabe que essa temporada \u00e9 diferente e precisa estar mentalmente muito bem. \u00c9 bolha, voc\u00ea tem menos contato com fam\u00edlia, com as pessoas, com qualquer coisa de vida social. Ent\u00e3o \u00e9 foco total, s\u00e3o 35 dias que a gente vai ficar l\u00e1. Vamos poder estar juntos sempre, criar um ambiente o mais positivo e harm\u00f4nico poss\u00edvel para chegar bem nas Olimp\u00edadas\u201d, completou o levantador.<\/p>\n<p>Mesmo sem p\u00fablico no gin\u00e1sio em raz\u00e3o dos protocolos de seguran\u00e7a sanit\u00e1ria, a torcida p\u00f4de fazer parte do jogo. Os f\u00e3s tiveram a oportunidade de entrar na \u201cArquibancasa\u201d, exibida em tel\u00f5es ao lado da quadra, interagir com o animador e participar de a\u00e7\u00f5es nos intervalos da partida. Os torcedores tamb\u00e9m puderam votar no melhor do confronto, e o ponteiro Leal foi eleito para ganhar o Trof\u00e9u VivaV\u00f4lei.<\/p>\n<p>\u201cFoi muito bom a gente conseguir jogar contra a Venezuela para chegar na VNL com um pouco de ritmo de jogo. Acho que nosso treinador rodou muito bem o time, e acho que todo mundo est\u00e1 preparado para chegar bem na It\u00e1lia. Sempre \u00e9 legal jogar pela sele\u00e7\u00e3o, representar o pa\u00eds, ainda mais com a situa\u00e7\u00e3o que estamos passando no mundo. Ent\u00e3o a gente vai fazer de tudo para conseguir o t\u00edtulo na VNL, que \u00e9 muito importante, e nessa pandemia acho que seria muito legal. O objetivo \u00e9 sempre a Olimp\u00edada, mas temos que fazer uma prepara\u00e7\u00e3o boa, ainda tem que melhorar muitas coisas. Mas, pouco a pouco, a gente vai chegando\u201d, destacou Leal.<\/p>\n<p>Fonte: Confedera\u00e7\u00e3o Brasileira de V\u00f4lei<\/p>\n<p>&nbsp;<\/p>\n","protected":false},"excerpt":{"rendered":"<p>A sele\u00e7\u00e3o masculina de v\u00f4lei encerrou a s\u00e9rie de tr\u00eas amistosos contra a Venezuela com mais uma vit\u00f3ria na prepara\u00e7\u00e3o da equipe para a Liga das Na\u00e7\u00f5es. Na manh\u00e3 do domingo (23.05), o Brasil venceu novamente por 3 sets a 0, parciais de 25\/15, 25\/15 e 25\/19, na Arena Carioca 3, no Rio de Janeiro [&hellip;]<\/p>\n","protected":false},"author":246,"featured_media":182884,"comment_status":"closed","ping_status":"closed","sticky":false,"template":"","format":"standard","meta":{"footnotes":""},"categories":[436,257,439],"tags":[],"class_list":["post-182883","post","type-post","status-publish","format-standard","has-post-thumbnail","hentry","category-destaque-da-semana","category-esporte","category-ultima-hora"],"_links":{"self":[{"href":"https:\/\/diarioregionaldigital.com.br\/index.php?rest_route=\/wp\/v2\/posts\/182883","targetHints":{"allow":["GET"]}}],"collection":[{"href":"https:\/\/diarioregionaldigital.com.br\/index.php?rest_route=\/wp\/v2\/posts"}],"about":[{"href":"https:\/\/diarioregionaldigital.com.br\/index.php?rest_route=\/wp\/v2\/types\/post"}],"author":[{"embeddable":true,"href":"https:\/\/diarioregionaldigital.com.br\/index.php?rest_route=\/wp\/v2\/users\/246"}],"replies":[{"embeddable":true,"href":"https:\/\/diarioregionaldigital.com.br\/index.php?rest_route=%2Fwp%2Fv2%2Fcomments&post=182883"}],"version-history":[{"count":1,"href":"https:\/\/diarioregionaldigital.com.br\/index.php?rest_route=\/wp\/v2\/posts\/182883\/revisions"}],"predecessor-version":[{"id":182885,"href":"https:\/\/diarioregionaldigital.com.br\/index.php?rest_route=\/wp\/v2\/posts\/182883\/revisions\/182885"}],"wp:featuredmedia":[{"embeddable":true,"href":"https:\/\/diarioregionaldigital.com.br\/index.php?rest_route=\/wp\/v2\/media\/182884"}],"wp:attachment":[{"href":"https:\/\/diarioregionaldigital.com.br\/index.php?rest_route=%2Fwp%2Fv2%2Fmedia&parent=182883"}],"wp:term":[{"taxonomy":"category","embeddable":true,"href":"https:\/\/diarioregionaldigital.com.br\/index.php?rest_route=%2Fwp%2Fv2%2Fcategories&post=182883"},{"taxonomy":"post_tag","embeddable":true,"href":"https:\/\/diarioregionaldigital.com.br\/index.php?rest_route=%2Fwp%2Fv2%2Ftags&post=182883"}],"curies":[{"name":"wp","href":"https:\/\/api.w.org\/{rel}","templated":true}]}}