{"id":182877,"date":"2021-05-24T17:21:48","date_gmt":"2021-05-24T20:21:48","guid":{"rendered":"https:\/\/diarioregionaldigital.com.br\/?p=182877"},"modified":"2021-05-24T17:21:48","modified_gmt":"2021-05-24T20:21:48","slug":"vacinacao-de-grupos-prioritarios-sera-reforcada-com-doses-da-pfizer-em-47-municipios","status":"publish","type":"post","link":"https:\/\/diarioregionaldigital.com.br\/?p=182877","title":{"rendered":"Vacina\u00e7\u00e3o de grupos priorit\u00e1rios ser\u00e1 refor\u00e7ada com doses da Pfizer em 47 munic\u00edpios"},"content":{"rendered":"<p>A\u00a0<a href=\"https:\/\/www.saude.mg.gov.br\/\" target=\"_blank\" rel=\"noopener noreferrer\">Secretaria de Estado de Sa\u00fade de Minas Gerais (SES-MG)<\/a>\u00a0enviou, nesta segunda-feira (24\/5), \u00e0s Unidades Regionais de Sa\u00fade, as 64.350 doses de vacina Pfizer, destinadas a 47 munic\u00edpios mineiros. As cidades atenderam aos crit\u00e9rios estabelecidos pelo Minist\u00e9rio da Sa\u00fade, em acordo com a Comiss\u00e3o Intergestores Bipartite do Sistema \u00danico de Sa\u00fade do Estado de Minas Gerais (CIB-SUS\/MG N\u00ba 3.408 do dia 18 de maio de 2021), para armazenamento e manipula\u00e7\u00e3o do imunizante. Esta \u00e9 a maior opera\u00e7\u00e3o de vacina\u00e7\u00e3o da hist\u00f3ria de Minas Gerais.<\/p>\n<p>As doses fazem parte\u00a0da 20\u00aa remessa de imunizantes enviada\u00a0pelo Minist\u00e9rio da Sa\u00fade e,\u00a0pela\u00a0primeira vez, outras cidades mineiras al\u00e9m da capital s\u00e3o contempladas com\u00a0o\u00a0imunizante\u00a0da\u00a0Pfizer. At\u00e9 ent\u00e3o, s\u00f3 Belo Horizonte havia recebido\u00a0esta vacina, conforme orienta\u00e7\u00f5es do Plano Nacional de Imuniza\u00e7\u00e3o (PNI).\u00a0Comp\u00f5em o 20\u00ba lote outras\u00a0435.500 doses da AstraZeneca e 8.200 doses da CoronaVac,\u00a0que\u00a0j\u00e1 foram distribu\u00eddas, por via terrestre, a partir da\u00a0Central Estadual de\u00a0Rede de Frio.<\/p>\n<p><strong>Confira os crit\u00e9rios para cada munic\u00edpio receber o imunizante da Pfizer:<\/strong><\/p>\n<p>&#8211; Popula\u00e7\u00e3o acima de 79 mil habitantes;<\/p>\n<p>&#8211; Equipe capacitada para a administra\u00e7\u00e3o da vacina;<\/p>\n<p>&#8211; Menor dist\u00e2ncia da sede da Unidade Regional de Sa\u00fade (URS): os munic\u00edpios devem estar distantes, no m\u00e1ximo, 2h30min da capital, por modal a\u00e9reo ou rodovi\u00e1rio (ve\u00edculo refrigerado), a fim de ampliar a seguran\u00e7a da preserva\u00e7\u00e3o da temperatura de transporte indicada (-15\u00b0C \u00e0 -25\u00b0C), observada a estrutura dispon\u00edvel para log\u00edstica;<\/p>\n<p>&#8211; Comprovar mecanismos de agendamento para vacina\u00e7\u00e3o;<\/p>\n<p>&#8211; Agendar a vacina\u00e7\u00e3o de modo a consumir 100% das doses em no m\u00e1ximo quatro dias, a contar da data agendada para recebimento das vacinas;<\/p>\n<p>&#8211; O tempo de validade m\u00e1ximo ap\u00f3s abertura do frasco, conservado entre 2\u00b0C e 8\u00b0C, \u00e9 de 6h. As unidades de sa\u00fade devem manter procedimentos orientados \u00e0 utiliza\u00e7\u00e3o integral das seis doses (0,3 ml) por frasco no per\u00edodo de funcionamento\/vacina\u00e7\u00e3o;<\/p>\n<p>&#8211; N\u00e3o deve ser realizada a vacina\u00e7\u00e3o com Pfizer\/Comirnaty fora das unidades de sa\u00fade, para garantir que as condi\u00e7\u00f5es de preparo e conserva\u00e7\u00e3o sejam rigorosamente preservadas.<\/p>\n<p><strong>Munic\u00edpios que receber\u00e3o vacinas Pfizer:<\/strong><\/p>\n<p>Alfenas, Araguari, Arax\u00e1, Barbacena, Betim, Caratinga, Conselheiro Lafaiete, Contagem, Coronel Fabriciano, Curvelo, Divin\u00f3polis, Governador Valadares, Ibirit\u00e9, Ipatinga, Itabira, Itajub\u00e1, Ita\u00fana, Ituiutaba, Jo\u00e3o Monlevade, Juiz de Fora, Lavras, Manhua\u00e7u, Montes Claros, Muria\u00e9, Nova Lima, Nova Serrana, Par\u00e1 de Minas, Ribeir\u00e3o das Neves, Sabar\u00e1, Santa Luzia, S\u00e3o Jo\u00e3o del-Rei, Te\u00f3filo Otoni, Tim\u00f3teo, Vespasiano, Passos, Paracatu, Patos de Minas, Patroc\u00ednio, Po\u00e7os de Caldas, Pouso Alegre, Sete Lagoas, Tr\u00eas Cora\u00e7\u00f5es, Ub\u00e1, Uberaba, Uberl\u00e2ndia, Una\u00ed e Varginha. Toda a opera\u00e7\u00e3o de distribui\u00e7\u00e3o de vacina conta com a escolta das For\u00e7as de Seguran\u00e7a do Estado.<\/p>\n<p><a href=\"http:\/\/www.agenciaminas.mg.gov.br\/ckeditor_assets\/attachments\/11139\/pfizer_maos_de_790000_1.xlsx\" target=\"_blank\" rel=\"noopener\">Clique aqui<\/a>\u00a0para acessar a tabela com o detalhamento da distribui\u00e7\u00e3o das vacinas Pfizer (Arquivo em formato .XLS).<\/p>\n<p><strong>P\u00fablico-alvo<\/strong><\/p>\n<p>O imunizante da Pfizer ser\u00e1 destinado \u00e0s pessoas com comorbidades, gr\u00e1vidas, mulheres que acabaram de dar \u00e0 luz e deficientes permanentes. J\u00e1 os imunizantes da CoronaVac e AstraZeneca devem completar a dose 2 de quem est\u00e1 em tempo h\u00e1bil para receber a vacina ou est\u00e1 com o esquema vacinal atrasado.<br \/>\n<span style=\"font-weight: 400;\"><br \/>\n<\/span><span style=\"font-weight: 400;\">Fonte: Ag\u00eancia Minas <\/span><\/p>\n","protected":false},"excerpt":{"rendered":"<p>A\u00a0Secretaria de Estado de Sa\u00fade de Minas Gerais (SES-MG)\u00a0enviou, nesta segunda-feira (24\/5), \u00e0s Unidades Regionais de Sa\u00fade, as 64.350 doses de vacina Pfizer, destinadas a 47 munic\u00edpios mineiros. As cidades atenderam aos crit\u00e9rios estabelecidos pelo Minist\u00e9rio da Sa\u00fade, em acordo com a Comiss\u00e3o Intergestores Bipartite do Sistema \u00danico de Sa\u00fade do Estado de Minas Gerais [&hellip;]<\/p>\n","protected":false},"author":246,"featured_media":182878,"comment_status":"closed","ping_status":"closed","sticky":false,"template":"","format":"standard","meta":{"footnotes":""},"categories":[436,440,254,439],"tags":[],"class_list":["post-182877","post","type-post","status-publish","format-standard","has-post-thumbnail","hentry","category-destaque-da-semana","category-destaques-do-dia","category-politica","category-ultima-hora"],"_links":{"self":[{"href":"https:\/\/diarioregionaldigital.com.br\/index.php?rest_route=\/wp\/v2\/posts\/182877","targetHints":{"allow":["GET"]}}],"collection":[{"href":"https:\/\/diarioregionaldigital.com.br\/index.php?rest_route=\/wp\/v2\/posts"}],"about":[{"href":"https:\/\/diarioregionaldigital.com.br\/index.php?rest_route=\/wp\/v2\/types\/post"}],"author":[{"embeddable":true,"href":"https:\/\/diarioregionaldigital.com.br\/index.php?rest_route=\/wp\/v2\/users\/246"}],"replies":[{"embeddable":true,"href":"https:\/\/diarioregionaldigital.com.br\/index.php?rest_route=%2Fwp%2Fv2%2Fcomments&post=182877"}],"version-history":[{"count":1,"href":"https:\/\/diarioregionaldigital.com.br\/index.php?rest_route=\/wp\/v2\/posts\/182877\/revisions"}],"predecessor-version":[{"id":182879,"href":"https:\/\/diarioregionaldigital.com.br\/index.php?rest_route=\/wp\/v2\/posts\/182877\/revisions\/182879"}],"wp:featuredmedia":[{"embeddable":true,"href":"https:\/\/diarioregionaldigital.com.br\/index.php?rest_route=\/wp\/v2\/media\/182878"}],"wp:attachment":[{"href":"https:\/\/diarioregionaldigital.com.br\/index.php?rest_route=%2Fwp%2Fv2%2Fmedia&parent=182877"}],"wp:term":[{"taxonomy":"category","embeddable":true,"href":"https:\/\/diarioregionaldigital.com.br\/index.php?rest_route=%2Fwp%2Fv2%2Fcategories&post=182877"},{"taxonomy":"post_tag","embeddable":true,"href":"https:\/\/diarioregionaldigital.com.br\/index.php?rest_route=%2Fwp%2Fv2%2Ftags&post=182877"}],"curies":[{"name":"wp","href":"https:\/\/api.w.org\/{rel}","templated":true}]}}