{"id":182868,"date":"2021-05-24T17:09:39","date_gmt":"2021-05-24T20:09:39","guid":{"rendered":"https:\/\/diarioregionaldigital.com.br\/?p=182868"},"modified":"2021-05-24T17:09:39","modified_gmt":"2021-05-24T20:09:39","slug":"ipea-preve-inflacao-oficial-de-53-neste-ano","status":"publish","type":"post","link":"https:\/\/diarioregionaldigital.com.br\/?p=182868","title":{"rendered":"Ipea prev\u00ea infla\u00e7\u00e3o oficial de 5,3% neste ano"},"content":{"rendered":"<p>O Instituto de Pesquisa Econ\u00f4mica Aplicada (Ipea) revisou sua previs\u00e3o para a infla\u00e7\u00e3o oficial do pa\u00eds, medida pelo \u00cdndice Nacional de Pre\u00e7os ao Consumidor Amplo (IPCA), neste ano. Segundo o instituto, a taxa deve fechar o ano em 5,3%. A estimativa divulgada hoje (24) \u00e9 superior \u00e0 previs\u00e3o anterior, de 4,6%.<img decoding=\"async\" src=\"https:\/\/agenciabrasil.ebc.com.br\/ebc.png?id=1410557&amp;o=node\" \/><img decoding=\"async\" src=\"https:\/\/agenciabrasil.ebc.com.br\/ebc.gif?id=1410557&amp;o=node\" \/><\/p>\n<p>Segundo o Ipea, nos \u00faltimos meses houve mudan\u00e7a nos fatores de press\u00e3o sobre a infla\u00e7\u00e3o brasileira. Atualmente, o principal impacto na alta de pre\u00e7os vem dos itens monitorados, ou seja, produtos como gasolina, g\u00e1s de botij\u00e3o e medicamentos.<\/p>\n<p>A previs\u00e3o de infla\u00e7\u00e3o dos monitorados para 2021 subiu de 6,8% para 8% na pesquisa divulgada hoje.<\/p>\n<p>O Ipea tamb\u00e9m revisou a estimativa para os grupos de bens industriais, de 3,8% para 4,3% em maio, e dos servi\u00e7os livres, exceto educa\u00e7\u00e3o, de 3,6% para 4%. A previs\u00e3o para a infla\u00e7\u00e3o dos alimentos em domic\u00edlio foi mantida em 5% e da educa\u00e7\u00e3o em 3,8%.<\/p>\n<p>A previs\u00e3o para o INPC, que mede a infla\u00e7\u00e3o para fam\u00edlias com renda de at\u00e9 cinco sal\u00e1rios m\u00ednimos, subiu de 4,3% para 4,7%.<span style=\"font-weight: 400;\"><br \/>\n<\/span><span style=\"font-weight: 400;\"><br \/>\n<\/span><span style=\"font-weight: 400;\">Fonte: Ag\u00eancia Brasil<\/span><\/p>\n","protected":false},"excerpt":{"rendered":"<p>O Instituto de Pesquisa Econ\u00f4mica Aplicada (Ipea) revisou sua previs\u00e3o para a infla\u00e7\u00e3o oficial do pa\u00eds, medida pelo \u00cdndice Nacional de Pre\u00e7os ao Consumidor Amplo (IPCA), neste ano. Segundo o instituto, a taxa deve fechar o ano em 5,3%. A estimativa divulgada hoje (24) \u00e9 superior \u00e0 previs\u00e3o anterior, de 4,6%. Segundo o Ipea, nos [&hellip;]<\/p>\n","protected":false},"author":246,"featured_media":182869,"comment_status":"closed","ping_status":"closed","sticky":false,"template":"","format":"standard","meta":{"footnotes":""},"categories":[440,261,439],"tags":[],"class_list":["post-182868","post","type-post","status-publish","format-standard","has-post-thumbnail","hentry","category-destaques-do-dia","category-economia","category-ultima-hora"],"_links":{"self":[{"href":"https:\/\/diarioregionaldigital.com.br\/index.php?rest_route=\/wp\/v2\/posts\/182868","targetHints":{"allow":["GET"]}}],"collection":[{"href":"https:\/\/diarioregionaldigital.com.br\/index.php?rest_route=\/wp\/v2\/posts"}],"about":[{"href":"https:\/\/diarioregionaldigital.com.br\/index.php?rest_route=\/wp\/v2\/types\/post"}],"author":[{"embeddable":true,"href":"https:\/\/diarioregionaldigital.com.br\/index.php?rest_route=\/wp\/v2\/users\/246"}],"replies":[{"embeddable":true,"href":"https:\/\/diarioregionaldigital.com.br\/index.php?rest_route=%2Fwp%2Fv2%2Fcomments&post=182868"}],"version-history":[{"count":1,"href":"https:\/\/diarioregionaldigital.com.br\/index.php?rest_route=\/wp\/v2\/posts\/182868\/revisions"}],"predecessor-version":[{"id":182870,"href":"https:\/\/diarioregionaldigital.com.br\/index.php?rest_route=\/wp\/v2\/posts\/182868\/revisions\/182870"}],"wp:featuredmedia":[{"embeddable":true,"href":"https:\/\/diarioregionaldigital.com.br\/index.php?rest_route=\/wp\/v2\/media\/182869"}],"wp:attachment":[{"href":"https:\/\/diarioregionaldigital.com.br\/index.php?rest_route=%2Fwp%2Fv2%2Fmedia&parent=182868"}],"wp:term":[{"taxonomy":"category","embeddable":true,"href":"https:\/\/diarioregionaldigital.com.br\/index.php?rest_route=%2Fwp%2Fv2%2Fcategories&post=182868"},{"taxonomy":"post_tag","embeddable":true,"href":"https:\/\/diarioregionaldigital.com.br\/index.php?rest_route=%2Fwp%2Fv2%2Ftags&post=182868"}],"curies":[{"name":"wp","href":"https:\/\/api.w.org\/{rel}","templated":true}]}}