{"id":182865,"date":"2021-05-24T13:59:19","date_gmt":"2021-05-24T16:59:19","guid":{"rendered":"https:\/\/diarioregionaldigital.com.br\/?p=182865"},"modified":"2021-05-24T18:17:19","modified_gmt":"2021-05-24T21:17:19","slug":"policia-militar-conduz-dois-autores-de-roubo-tentado-ocorrido-na-regiao-central-detidos-por-grupo-de-motoboys","status":"publish","type":"post","link":"https:\/\/diarioregionaldigital.com.br\/?p=182865","title":{"rendered":"Pol\u00edcia Militar conduz dois autores de roubo tentado ocorrido na regi\u00e3o central detidos por grupo de motoboys"},"content":{"rendered":"<p>Durante patrulhamento da Pol\u00edcia Militar no Domingo, dia 23mai21 por volta das 21h01min, um tumulto foi percebido pelos policiais na Rua Marechal Setembrino de Carvalho no bairro Ladeira. Foi verificado que v\u00e1rios motoboys estavam contendo dois suspeitos de um roubo tentado ocorrido no Mergulh\u00e3o. Segundo testemunha, um morador de rua, a v\u00edtima teria sido agredida e os autores fugindo entrando em um coletivo, que foi seguido, parado pela testemunha que gritou para que os dois autores descessem. Eles sa\u00edram do ve\u00edculo e correram, tendo sido posteriormente abordados por um grupo de motoboys, um deles namorado da v\u00edtima (uma mulher de 24 anos), que os detiveram e acionaram a PM. Os dois autores foram presos em flagrante delito, tendo sido uma faca apreendida. A v\u00edtima foi conduzida ao HPS, medicada e liberada. Os autores, ambos com 27 anos de idade, foram conduzidos \u00e0 Delegacia, contra um deles havia mandado de pris\u00e3o em desfavor.<\/p>\n","protected":false},"excerpt":{"rendered":"<p>Durante patrulhamento da Pol\u00edcia Militar no Domingo, dia 23mai21 por volta das 21h01min, um tumulto foi percebido pelos policiais na Rua Marechal Setembrino de Carvalho no bairro Ladeira. Foi verificado que v\u00e1rios motoboys estavam contendo dois suspeitos de um roubo tentado ocorrido no Mergulh\u00e3o. Segundo testemunha, um morador de rua, a v\u00edtima teria sido agredida [&hellip;]<\/p>\n","protected":false},"author":246,"featured_media":182866,"comment_status":"closed","ping_status":"closed","sticky":false,"template":"","format":"standard","meta":{"footnotes":""},"categories":[301,1229],"tags":[],"class_list":["post-182865","post","type-post","status-publish","format-standard","has-post-thumbnail","hentry","category-artigos-policiais","category-policial"],"_links":{"self":[{"href":"https:\/\/diarioregionaldigital.com.br\/index.php?rest_route=\/wp\/v2\/posts\/182865","targetHints":{"allow":["GET"]}}],"collection":[{"href":"https:\/\/diarioregionaldigital.com.br\/index.php?rest_route=\/wp\/v2\/posts"}],"about":[{"href":"https:\/\/diarioregionaldigital.com.br\/index.php?rest_route=\/wp\/v2\/types\/post"}],"author":[{"embeddable":true,"href":"https:\/\/diarioregionaldigital.com.br\/index.php?rest_route=\/wp\/v2\/users\/246"}],"replies":[{"embeddable":true,"href":"https:\/\/diarioregionaldigital.com.br\/index.php?rest_route=%2Fwp%2Fv2%2Fcomments&post=182865"}],"version-history":[{"count":3,"href":"https:\/\/diarioregionaldigital.com.br\/index.php?rest_route=\/wp\/v2\/posts\/182865\/revisions"}],"predecessor-version":[{"id":182906,"href":"https:\/\/diarioregionaldigital.com.br\/index.php?rest_route=\/wp\/v2\/posts\/182865\/revisions\/182906"}],"wp:featuredmedia":[{"embeddable":true,"href":"https:\/\/diarioregionaldigital.com.br\/index.php?rest_route=\/wp\/v2\/media\/182866"}],"wp:attachment":[{"href":"https:\/\/diarioregionaldigital.com.br\/index.php?rest_route=%2Fwp%2Fv2%2Fmedia&parent=182865"}],"wp:term":[{"taxonomy":"category","embeddable":true,"href":"https:\/\/diarioregionaldigital.com.br\/index.php?rest_route=%2Fwp%2Fv2%2Fcategories&post=182865"},{"taxonomy":"post_tag","embeddable":true,"href":"https:\/\/diarioregionaldigital.com.br\/index.php?rest_route=%2Fwp%2Fv2%2Ftags&post=182865"}],"curies":[{"name":"wp","href":"https:\/\/api.w.org\/{rel}","templated":true}]}}