{"id":182862,"date":"2021-05-24T13:56:08","date_gmt":"2021-05-24T16:56:08","guid":{"rendered":"https:\/\/diarioregionaldigital.com.br\/?p=182862"},"modified":"2021-05-24T13:56:08","modified_gmt":"2021-05-24T16:56:08","slug":"policia-militar-prende-autor-e-apreende-materiais-relacionados-ao-trafico-de-drogas-no-bairro-santa-cruz","status":"publish","type":"post","link":"https:\/\/diarioregionaldigital.com.br\/?p=182862","title":{"rendered":"Pol\u00edcia Militar prende autor e apreende materiais relacionados ao tr\u00e1fico de drogas no bairro Santa Cruz"},"content":{"rendered":"<p>No domingo, 23mai21, por volta das 20h19min, durante patrulhamento da Pol\u00edcia Militar pelo bairro Santa Cruz, os policiais receberam informa\u00e7\u00f5es referente ao tr\u00e1fico de drogas que estaria ocorrendo na Av. Sime\u00e3o de Faria nas media\u00e7\u00f5es do n\u00ba 1770. De posse das caracter\u00edsticas, o suspeito denunciado foi localizado descendo do seu ve\u00edculo. Tendo sido submetido a busca, no interior do autom\u00f3vel foram localizados: 40 pinos de coca\u00edna, 01 barra de maconha, 01 CRLV, 01 aparelho celular e 01 cart\u00e3o de cr\u00e9dito. Durante a vistoria veicular foi constatado ind\u00edcio de clonagem\/adultera\u00e7\u00e3o. O homem de 33 anos foi preso e o ve\u00edculo apreendido juntamente com os materiais.<\/p>\n","protected":false},"excerpt":{"rendered":"<p>No domingo, 23mai21, por volta das 20h19min, durante patrulhamento da Pol\u00edcia Militar pelo bairro Santa Cruz, os policiais receberam informa\u00e7\u00f5es referente ao tr\u00e1fico de drogas que estaria ocorrendo na Av. Sime\u00e3o de Faria nas media\u00e7\u00f5es do n\u00ba 1770. De posse das caracter\u00edsticas, o suspeito denunciado foi localizado descendo do seu ve\u00edculo. Tendo sido submetido a [&hellip;]<\/p>\n","protected":false},"author":246,"featured_media":182863,"comment_status":"closed","ping_status":"closed","sticky":false,"template":"","format":"standard","meta":{"footnotes":""},"categories":[301,1229,439],"tags":[],"class_list":["post-182862","post","type-post","status-publish","format-standard","has-post-thumbnail","hentry","category-artigos-policiais","category-policial","category-ultima-hora"],"_links":{"self":[{"href":"https:\/\/diarioregionaldigital.com.br\/index.php?rest_route=\/wp\/v2\/posts\/182862","targetHints":{"allow":["GET"]}}],"collection":[{"href":"https:\/\/diarioregionaldigital.com.br\/index.php?rest_route=\/wp\/v2\/posts"}],"about":[{"href":"https:\/\/diarioregionaldigital.com.br\/index.php?rest_route=\/wp\/v2\/types\/post"}],"author":[{"embeddable":true,"href":"https:\/\/diarioregionaldigital.com.br\/index.php?rest_route=\/wp\/v2\/users\/246"}],"replies":[{"embeddable":true,"href":"https:\/\/diarioregionaldigital.com.br\/index.php?rest_route=%2Fwp%2Fv2%2Fcomments&post=182862"}],"version-history":[{"count":1,"href":"https:\/\/diarioregionaldigital.com.br\/index.php?rest_route=\/wp\/v2\/posts\/182862\/revisions"}],"predecessor-version":[{"id":182864,"href":"https:\/\/diarioregionaldigital.com.br\/index.php?rest_route=\/wp\/v2\/posts\/182862\/revisions\/182864"}],"wp:featuredmedia":[{"embeddable":true,"href":"https:\/\/diarioregionaldigital.com.br\/index.php?rest_route=\/wp\/v2\/media\/182863"}],"wp:attachment":[{"href":"https:\/\/diarioregionaldigital.com.br\/index.php?rest_route=%2Fwp%2Fv2%2Fmedia&parent=182862"}],"wp:term":[{"taxonomy":"category","embeddable":true,"href":"https:\/\/diarioregionaldigital.com.br\/index.php?rest_route=%2Fwp%2Fv2%2Fcategories&post=182862"},{"taxonomy":"post_tag","embeddable":true,"href":"https:\/\/diarioregionaldigital.com.br\/index.php?rest_route=%2Fwp%2Fv2%2Ftags&post=182862"}],"curies":[{"name":"wp","href":"https:\/\/api.w.org\/{rel}","templated":true}]}}