{"id":182852,"date":"2021-05-23T06:00:12","date_gmt":"2021-05-23T09:00:12","guid":{"rendered":"https:\/\/diarioregionaldigital.com.br\/?p=182852"},"modified":"2021-05-21T23:41:04","modified_gmt":"2021-05-22T02:41:04","slug":"camisaria","status":"publish","type":"post","link":"https:\/\/diarioregionaldigital.com.br\/?p=182852","title":{"rendered":"Camisaria"},"content":{"rendered":"<p style=\"text-align: center;\"><strong>Desarmoniza\u00e7\u00e3o Facial<\/strong><\/p>\n<p style=\"text-align: center;\">Febre entre celebridades, o procedimento est\u00e9tico chamado harmoniza\u00e7\u00e3o facial pode ter resultado artificial, padronizado e, inclusive, abalar a auto-estima quando mal feito. Se n\u00e3o for feito por um bom profissional, o rosto pode virar uma caricatura.<\/p>\n<p style=\"text-align: center;\"><strong>Bola Branca<\/strong><\/p>\n<p style=\"text-align: center;\">Para o \u201cProfiss\u00e3o Rep\u00f3rter \u201c, que completa 15 anos em 2021, na Globo. Com muita sensibilidade exibiu uma edi\u00e7\u00e3o especial que revisitou casos de pessoas com problemas de sa\u00fade, j\u00e1 mostrados na atra\u00e7\u00e3o.<\/p>\n<p style=\"text-align: center;\"><strong>Bola Preta<\/strong><\/p>\n<p style=\"text-align: center;\">A estreia de \u201cNo Limite\u201d foi t\u00e3o acelerada que faltou apresentar melhor os participantes e mostrar a forma\u00e7\u00e3o das equipes. O apresentador Andr\u00e9 Marques tamb\u00e9m poderia estar mais animado.<\/p>\n<p style=\"text-align: center;\"><strong>Camisaria<\/strong><\/p>\n<p style=\"text-align: center;\">Em estilo \u00fanico e para comemorar o Dia Nacional do Raggae, a Chico Rei montou parceria com a Sony Music e lan\u00e7ou cole\u00e7\u00e3o do Natiruts. Ser\u00e3o dez estampas in\u00e9ditas que fazem refer\u00eancia as musicas da banda em camisetas, canetas e posters.<\/p>\n<div id=\"attachment_182840\" style=\"width: 690px\" class=\"wp-caption aligncenter\"><img loading=\"lazy\" decoding=\"async\" aria-describedby=\"caption-attachment-182840\" class=\"wp-image-182840\" src=\"https:\/\/diarioregionaldigital.com.br\/wp-content\/uploads\/2021\/05\/fotoa-2-e1621648050653.jpeg\" alt=\"\" width=\"680\" height=\"491\" srcset=\"https:\/\/diarioregionaldigital.com.br\/wp-content\/uploads\/2021\/05\/fotoa-2-e1621648050653.jpeg 573w, https:\/\/diarioregionaldigital.com.br\/wp-content\/uploads\/2021\/05\/fotoa-2-e1621648050653-300x217.jpeg 300w, https:\/\/diarioregionaldigital.com.br\/wp-content\/uploads\/2021\/05\/fotoa-2-e1621648050653-360x260.jpeg 360w\" sizes=\"auto, (max-width: 680px) 100vw, 680px\" \/><p id=\"caption-attachment-182840\" class=\"wp-caption-text\">Fazendo business no Shopping da Tecnologia Rafael Itz e Eduardo Gomes<\/p><\/div>\n<div id=\"attachment_182841\" style=\"width: 690px\" class=\"wp-caption aligncenter\"><img loading=\"lazy\" decoding=\"async\" aria-describedby=\"caption-attachment-182841\" class=\"wp-image-182841\" src=\"https:\/\/diarioregionaldigital.com.br\/wp-content\/uploads\/2021\/05\/fotob-13-e1621648084925.jpg\" alt=\"\" width=\"680\" height=\"507\" srcset=\"https:\/\/diarioregionaldigital.com.br\/wp-content\/uploads\/2021\/05\/fotob-13-e1621648084925.jpg 571w, https:\/\/diarioregionaldigital.com.br\/wp-content\/uploads\/2021\/05\/fotob-13-e1621648084925-300x224.jpg 300w, https:\/\/diarioregionaldigital.com.br\/wp-content\/uploads\/2021\/05\/fotob-13-e1621648084925-360x269.jpg 360w\" sizes=\"auto, (max-width: 680px) 100vw, 680px\" \/><p id=\"caption-attachment-182841\" class=\"wp-caption-text\">Mulheres chiques e empoderadas, Gilka Horta e Cristina Dutra<\/p><\/div>\n<div id=\"attachment_182842\" style=\"width: 690px\" class=\"wp-caption aligncenter\"><img loading=\"lazy\" decoding=\"async\" aria-describedby=\"caption-attachment-182842\" class=\"wp-image-182842\" src=\"https:\/\/diarioregionaldigital.com.br\/wp-content\/uploads\/2021\/05\/fotoc-14-e1621648104878.jpg\" alt=\"\" width=\"680\" height=\"550\" srcset=\"https:\/\/diarioregionaldigital.com.br\/wp-content\/uploads\/2021\/05\/fotoc-14-e1621648104878.jpg 905w, https:\/\/diarioregionaldigital.com.br\/wp-content\/uploads\/2021\/05\/fotoc-14-e1621648104878-300x243.jpg 300w, https:\/\/diarioregionaldigital.com.br\/wp-content\/uploads\/2021\/05\/fotoc-14-e1621648104878-768x621.jpg 768w, https:\/\/diarioregionaldigital.com.br\/wp-content\/uploads\/2021\/05\/fotoc-14-e1621648104878-360x291.jpg 360w\" sizes=\"auto, (max-width: 680px) 100vw, 680px\" \/><p id=\"caption-attachment-182842\" class=\"wp-caption-text\">Esperando por dias melhores, Iolanda e sua m\u00e3e Marina Castro<\/p><\/div>\n<div id=\"attachment_182843\" style=\"width: 690px\" class=\"wp-caption aligncenter\"><img loading=\"lazy\" decoding=\"async\" aria-describedby=\"caption-attachment-182843\" class=\"wp-image-182843\" src=\"https:\/\/diarioregionaldigital.com.br\/wp-content\/uploads\/2021\/05\/fotod-14-e1621648145563.jpg\" alt=\"\" width=\"680\" height=\"486\" srcset=\"https:\/\/diarioregionaldigital.com.br\/wp-content\/uploads\/2021\/05\/fotod-14-e1621648145563.jpg 554w, https:\/\/diarioregionaldigital.com.br\/wp-content\/uploads\/2021\/05\/fotod-14-e1621648145563-300x214.jpg 300w, https:\/\/diarioregionaldigital.com.br\/wp-content\/uploads\/2021\/05\/fotod-14-e1621648145563-360x257.jpg 360w, https:\/\/diarioregionaldigital.com.br\/wp-content\/uploads\/2021\/05\/fotod-14-e1621648145563-100x70.jpg 100w\" sizes=\"auto, (max-width: 680px) 100vw, 680px\" \/><p id=\"caption-attachment-182843\" class=\"wp-caption-text\">Aniversariando no domingo (23), o boa pra\u00e7a Beto Souza<\/p><\/div>\n<div id=\"attachment_182844\" style=\"width: 690px\" class=\"wp-caption aligncenter\"><img loading=\"lazy\" decoding=\"async\" aria-describedby=\"caption-attachment-182844\" class=\"wp-image-182844\" src=\"https:\/\/diarioregionaldigital.com.br\/wp-content\/uploads\/2021\/05\/fotoe-12-e1621648175532.jpg\" alt=\"\" width=\"680\" height=\"471\" srcset=\"https:\/\/diarioregionaldigital.com.br\/wp-content\/uploads\/2021\/05\/fotoe-12-e1621648175532.jpg 792w, https:\/\/diarioregionaldigital.com.br\/wp-content\/uploads\/2021\/05\/fotoe-12-e1621648175532-300x208.jpg 300w, https:\/\/diarioregionaldigital.com.br\/wp-content\/uploads\/2021\/05\/fotoe-12-e1621648175532-768x532.jpg 768w, https:\/\/diarioregionaldigital.com.br\/wp-content\/uploads\/2021\/05\/fotoe-12-e1621648175532-360x250.jpg 360w, https:\/\/diarioregionaldigital.com.br\/wp-content\/uploads\/2021\/05\/fotoe-12-e1621648175532-100x70.jpg 100w\" sizes=\"auto, (max-width: 680px) 100vw, 680px\" \/><p id=\"caption-attachment-182844\" class=\"wp-caption-text\">Mulheres que fazem a diferen\u00e7a: Selma Fellet e a filha \u00c2ngela Fellet<\/p><\/div>\n<div id=\"attachment_182845\" style=\"width: 690px\" class=\"wp-caption aligncenter\"><img loading=\"lazy\" decoding=\"async\" aria-describedby=\"caption-attachment-182845\" class=\"wp-image-182845\" src=\"https:\/\/diarioregionaldigital.com.br\/wp-content\/uploads\/2021\/05\/fotof-14-e1621648196304.jpg\" alt=\"\" width=\"680\" height=\"495\" srcset=\"https:\/\/diarioregionaldigital.com.br\/wp-content\/uploads\/2021\/05\/fotof-14-e1621648196304.jpg 511w, https:\/\/diarioregionaldigital.com.br\/wp-content\/uploads\/2021\/05\/fotof-14-e1621648196304-300x218.jpg 300w, https:\/\/diarioregionaldigital.com.br\/wp-content\/uploads\/2021\/05\/fotof-14-e1621648196304-360x262.jpg 360w\" sizes=\"auto, (max-width: 680px) 100vw, 680px\" \/><p id=\"caption-attachment-182845\" class=\"wp-caption-text\">Fazendo a linha lindezas, Silv\u00e2nia Parma e sua m\u00e3e Lurdinha<\/p><\/div>\n<div id=\"attachment_182846\" style=\"width: 690px\" class=\"wp-caption aligncenter\"><img loading=\"lazy\" decoding=\"async\" aria-describedby=\"caption-attachment-182846\" class=\"wp-image-182846\" src=\"https:\/\/diarioregionaldigital.com.br\/wp-content\/uploads\/2021\/05\/fotog-11-e1621648226923.jpg\" alt=\"\" width=\"680\" height=\"465\" srcset=\"https:\/\/diarioregionaldigital.com.br\/wp-content\/uploads\/2021\/05\/fotog-11-e1621648226923.jpg 768w, https:\/\/diarioregionaldigital.com.br\/wp-content\/uploads\/2021\/05\/fotog-11-e1621648226923-300x205.jpg 300w, https:\/\/diarioregionaldigital.com.br\/wp-content\/uploads\/2021\/05\/fotog-11-e1621648226923-360x246.jpg 360w\" sizes=\"auto, (max-width: 680px) 100vw, 680px\" \/><p id=\"caption-attachment-182846\" class=\"wp-caption-text\">Formando par rom\u00e2ntico, os queridos Tatiana Yasbeck e Alexandre Souza<\/p><\/div>\n<div id=\"attachment_182847\" style=\"width: 690px\" class=\"wp-caption aligncenter\"><img loading=\"lazy\" decoding=\"async\" aria-describedby=\"caption-attachment-182847\" class=\"wp-image-182847\" src=\"https:\/\/diarioregionaldigital.com.br\/wp-content\/uploads\/2021\/05\/fotoh-8-e1621648264127.jpg\" alt=\"\" width=\"680\" height=\"504\" srcset=\"https:\/\/diarioregionaldigital.com.br\/wp-content\/uploads\/2021\/05\/fotoh-8-e1621648264127.jpg 487w, https:\/\/diarioregionaldigital.com.br\/wp-content\/uploads\/2021\/05\/fotoh-8-e1621648264127-300x222.jpg 300w, https:\/\/diarioregionaldigital.com.br\/wp-content\/uploads\/2021\/05\/fotoh-8-e1621648264127-360x267.jpg 360w\" sizes=\"auto, (max-width: 680px) 100vw, 680px\" \/><p id=\"caption-attachment-182847\" class=\"wp-caption-text\">Mulheres advogadas lindas e elegantes Sarah Penido e sua m\u00e3e Suzete Penito<\/p><\/div>\n<p style=\"text-align: center;\"><strong>FOTOSS\u00cdNTESE<\/strong><\/p>\n<p>Em clima de otimismo, o fundador, ex-presidente e atual vice da Abrajet-MG, o jornalista Ant\u00f4nio Claret Guerra agora \u00e9 membro titular do conselho fiscal da entidade nacional. A indica\u00e7\u00e3o foi do presidente da Abrajet, Evandro Novak.<\/p>\n<p>Eventos: de acordo com a Prefeitura de Juiz de Fora, com a libera\u00e7\u00e3o, eventos devem respeitar os protocolos sanit\u00e1rios, precisam ser autorizados pela Secretaria de Meio Ambiente e Atividades Urbanas e cumprir a capacidade m\u00e1xima de 40 pessoas, incluindo a organiza\u00e7\u00e3o.<\/p>\n<p>Muito inspirado, Paulo Bretas lan\u00e7ou livro \u201cMedita\u00e7\u00f5es\u201d, no 1\u00ba Sal\u00e3o Internacional du Livre et de la Culture de Geneve, na Sui\u00e7a.<\/p>\n<p>De olho na tecnologia de ponta, a Zestt, de softwares de gest\u00e3o com desenvolvimento no Brasil e Vale do Sil\u00edcio, lan\u00e7a este m\u00eas o Zestt Clinic.<\/p>\n<p>Bia Ferreira, pugilista radicada em Juiz de Fora, tem vaga confirmada na Olimp\u00edada, e esta com foco por medalha no Jap\u00e3o.<\/p>\n<p>Bons tempos em Juiz de Fora onde imperavam o Clube do Wisky, do bondoso Tony Zaka o Clube do Charuto comando por Antenor Salzer Rodrigues e o Clube da Champanhe pilotado por Rosa Girardi.<\/p>\n<p>Causou impacto a realiza\u00e7\u00e3o da Abrig com a Webinar sobre atua\u00e7\u00e3o das mulheres nas \u00e1reas de Rig e de compliance no Brasil.<\/p>\n<p>Dica: Para o Dia dos Namorados em junho, indicamos as camisas, suet\u00e9rs e acess\u00f3rios da loja Oficina do Terno.<\/p>\n<p>Doming\u00e3o: Em tempo de pandemia avisa l\u00e1 que existe outros tipo de cancelamento: o dos sonhos, o dos projetos, o do crescimento atrav\u00e9s de fora do lar, em bairros vizinhos. Bom dia.<\/p>\n<p><img loading=\"lazy\" decoding=\"async\" class=\"aligncenter size-full wp-image-182848\" src=\"https:\/\/diarioregionaldigital.com.br\/wp-content\/uploads\/2021\/05\/anuncio73-scaled.jpg\" alt=\"\" width=\"2560\" height=\"963\" srcset=\"https:\/\/diarioregionaldigital.com.br\/wp-content\/uploads\/2021\/05\/anuncio73-scaled.jpg 2560w, https:\/\/diarioregionaldigital.com.br\/wp-content\/uploads\/2021\/05\/anuncio73-300x113.jpg 300w, https:\/\/diarioregionaldigital.com.br\/wp-content\/uploads\/2021\/05\/anuncio73-1024x385.jpg 1024w, https:\/\/diarioregionaldigital.com.br\/wp-content\/uploads\/2021\/05\/anuncio73-768x289.jpg 768w, https:\/\/diarioregionaldigital.com.br\/wp-content\/uploads\/2021\/05\/anuncio73-1536x578.jpg 1536w, https:\/\/diarioregionaldigital.com.br\/wp-content\/uploads\/2021\/05\/anuncio73-2048x771.jpg 2048w, https:\/\/diarioregionaldigital.com.br\/wp-content\/uploads\/2021\/05\/anuncio73-360x135.jpg 360w\" sizes=\"auto, (max-width: 2560px) 100vw, 2560px\" \/><\/p>\n<p style=\"text-align: center;\">\n","protected":false},"excerpt":{"rendered":"<p>Desarmoniza\u00e7\u00e3o Facial Febre entre celebridades, o procedimento est\u00e9tico chamado harmoniza\u00e7\u00e3o facial pode ter resultado artificial, padronizado e, inclusive, abalar a auto-estima quando mal feito. Se n\u00e3o for feito por um bom profissional, o rosto pode virar uma caricatura. Bola Branca Para o \u201cProfiss\u00e3o Rep\u00f3rter \u201c, que completa 15 anos em 2021, na Globo. Com muita [&hellip;]<\/p>\n","protected":false},"author":253,"featured_media":182840,"comment_status":"closed","ping_status":"closed","sticky":false,"template":"","format":"standard","meta":{"footnotes":""},"categories":[264],"tags":[],"class_list":["post-182852","post","type-post","status-publish","format-standard","has-post-thumbnail","hentry","category-eduardo-gomes"],"_links":{"self":[{"href":"https:\/\/diarioregionaldigital.com.br\/index.php?rest_route=\/wp\/v2\/posts\/182852","targetHints":{"allow":["GET"]}}],"collection":[{"href":"https:\/\/diarioregionaldigital.com.br\/index.php?rest_route=\/wp\/v2\/posts"}],"about":[{"href":"https:\/\/diarioregionaldigital.com.br\/index.php?rest_route=\/wp\/v2\/types\/post"}],"author":[{"embeddable":true,"href":"https:\/\/diarioregionaldigital.com.br\/index.php?rest_route=\/wp\/v2\/users\/253"}],"replies":[{"embeddable":true,"href":"https:\/\/diarioregionaldigital.com.br\/index.php?rest_route=%2Fwp%2Fv2%2Fcomments&post=182852"}],"version-history":[{"count":2,"href":"https:\/\/diarioregionaldigital.com.br\/index.php?rest_route=\/wp\/v2\/posts\/182852\/revisions"}],"predecessor-version":[{"id":182854,"href":"https:\/\/diarioregionaldigital.com.br\/index.php?rest_route=\/wp\/v2\/posts\/182852\/revisions\/182854"}],"wp:featuredmedia":[{"embeddable":true,"href":"https:\/\/diarioregionaldigital.com.br\/index.php?rest_route=\/wp\/v2\/media\/182840"}],"wp:attachment":[{"href":"https:\/\/diarioregionaldigital.com.br\/index.php?rest_route=%2Fwp%2Fv2%2Fmedia&parent=182852"}],"wp:term":[{"taxonomy":"category","embeddable":true,"href":"https:\/\/diarioregionaldigital.com.br\/index.php?rest_route=%2Fwp%2Fv2%2Fcategories&post=182852"},{"taxonomy":"post_tag","embeddable":true,"href":"https:\/\/diarioregionaldigital.com.br\/index.php?rest_route=%2Fwp%2Fv2%2Ftags&post=182852"}],"curies":[{"name":"wp","href":"https:\/\/api.w.org\/{rel}","templated":true}]}}