{"id":182836,"date":"2021-05-21T20:15:51","date_gmt":"2021-05-21T23:15:51","guid":{"rendered":"https:\/\/diarioregionaldigital.com.br\/?p=182836"},"modified":"2021-05-21T20:15:51","modified_gmt":"2021-05-21T23:15:51","slug":"policia-militar-atende-vitima-de-roubo-no-bairro-sao-pedro","status":"publish","type":"post","link":"https:\/\/diarioregionaldigital.com.br\/?p=182836","title":{"rendered":"Pol\u00edcia Militar atende v\u00edtima de roubo no bairro S\u00e3o Pedro"},"content":{"rendered":"<p>Na noite de quinta-feira, 20Mai21 por volta das 20h48min, a Pol\u00edcia Militar foi acionada via COPOM a comparecer na Rua Pedro Henrique Krambeck no bairro S\u00e3o Pedro, para atendimento a uma mulher de 54 anos v\u00edtima de roubo. Segundo relato, estava fazendo atividade f\u00edsica quando foi abordada por dois indiv\u00edduos em uma bicicleta, que imobilizaram a v\u00edtima e subtra\u00edram o seu aparelho celular, fugindo sentido Avenida Senhor dos Passos. De posse das caracter\u00edsticas dos autores a PM iniciou rastreamento, mas at\u00e9 o momento estes n\u00e3o foram localizados.<\/p>\n","protected":false},"excerpt":{"rendered":"<p>Na noite de quinta-feira, 20Mai21 por volta das 20h48min, a Pol\u00edcia Militar foi acionada via COPOM a comparecer na Rua Pedro Henrique Krambeck no bairro S\u00e3o Pedro, para atendimento a uma mulher de 54 anos v\u00edtima de roubo. Segundo relato, estava fazendo atividade f\u00edsica quando foi abordada por dois indiv\u00edduos em uma bicicleta, que imobilizaram [&hellip;]<\/p>\n","protected":false},"author":246,"featured_media":182837,"comment_status":"closed","ping_status":"closed","sticky":false,"template":"","format":"standard","meta":{"footnotes":""},"categories":[301,1229],"tags":[],"class_list":["post-182836","post","type-post","status-publish","format-standard","has-post-thumbnail","hentry","category-artigos-policiais","category-policial"],"_links":{"self":[{"href":"https:\/\/diarioregionaldigital.com.br\/index.php?rest_route=\/wp\/v2\/posts\/182836","targetHints":{"allow":["GET"]}}],"collection":[{"href":"https:\/\/diarioregionaldigital.com.br\/index.php?rest_route=\/wp\/v2\/posts"}],"about":[{"href":"https:\/\/diarioregionaldigital.com.br\/index.php?rest_route=\/wp\/v2\/types\/post"}],"author":[{"embeddable":true,"href":"https:\/\/diarioregionaldigital.com.br\/index.php?rest_route=\/wp\/v2\/users\/246"}],"replies":[{"embeddable":true,"href":"https:\/\/diarioregionaldigital.com.br\/index.php?rest_route=%2Fwp%2Fv2%2Fcomments&post=182836"}],"version-history":[{"count":1,"href":"https:\/\/diarioregionaldigital.com.br\/index.php?rest_route=\/wp\/v2\/posts\/182836\/revisions"}],"predecessor-version":[{"id":182838,"href":"https:\/\/diarioregionaldigital.com.br\/index.php?rest_route=\/wp\/v2\/posts\/182836\/revisions\/182838"}],"wp:featuredmedia":[{"embeddable":true,"href":"https:\/\/diarioregionaldigital.com.br\/index.php?rest_route=\/wp\/v2\/media\/182837"}],"wp:attachment":[{"href":"https:\/\/diarioregionaldigital.com.br\/index.php?rest_route=%2Fwp%2Fv2%2Fmedia&parent=182836"}],"wp:term":[{"taxonomy":"category","embeddable":true,"href":"https:\/\/diarioregionaldigital.com.br\/index.php?rest_route=%2Fwp%2Fv2%2Fcategories&post=182836"},{"taxonomy":"post_tag","embeddable":true,"href":"https:\/\/diarioregionaldigital.com.br\/index.php?rest_route=%2Fwp%2Fv2%2Ftags&post=182836"}],"curies":[{"name":"wp","href":"https:\/\/api.w.org\/{rel}","templated":true}]}}