{"id":182833,"date":"2021-05-21T20:06:48","date_gmt":"2021-05-21T23:06:48","guid":{"rendered":"https:\/\/diarioregionaldigital.com.br\/?p=182833"},"modified":"2021-05-21T20:06:48","modified_gmt":"2021-05-21T23:06:48","slug":"a-feira-livre-de-domingo-realizada-na-avenida-brasil-e-liberada","status":"publish","type":"post","link":"https:\/\/diarioregionaldigital.com.br\/?p=182833","title":{"rendered":"A Feira Livre de domingo, realizada na Avenida Brasil, \u00e9 liberada"},"content":{"rendered":"<p>Retorna no pr\u00f3ximo domingo, 23, a\u00a0feira livre da Avenida Brasil seguindo as normas de funcionamento estabelecidas na <a href=\"https:\/\/covid19.pjf.mg.gov.br\/arquivos\/2105_seapa_sesmaur_procon_sedic_feira_domingo.pdf\"><b>nota t\u00e9cnica<\/b><\/a>\u00a0assinada pela coordena\u00e7\u00e3o do F\u00f3rum Municipal em Defesa da Vida. As barracas da feira livre ser\u00e3o montadas nas duas margens do Rio Paraibuna.<\/p>\n<p>Segundo informa\u00e7\u00f5es do site da Prefeitura de Juiz de Fora, a decis\u00e3o foi tomada ap\u00f3s di\u00e1logo entre a equipe do F\u00f3rum, a Secretaria de Governo (SG), a Secretaria de Agricultura, Pecu\u00e1ria e Abastecimento (Seapa) da Prefeitura de Juiz de Fora (PJF), representantes da Associa\u00e7\u00e3o dos Profissionais Produtores e Feirantes de Juiz de Fora (Approfeira) e feirantes.<\/p>\n<p>A coordena\u00e7\u00e3o avaliou as propostas enviadas pela Approfeira, e definiu o retorno com as seguintes normas de funcionamento:<\/p>\n<p>&#8211; As barracas que normalmente se instalam no meio da Avenida Brasil, a margem esquerda, dever\u00e3o ser montadas do outro lado da via (a margem direita &#8211; ponto de refer\u00eancia \u2013 sede da Prefeitura de Juiz de Fora (PJF), em linha reta, respeitando a ordem de montagem j\u00e1 estabelecida junto \u00e0 Approfeira;<\/p>\n<p>&#8211; \u00c0 margem esquerda, as barracas devem ser montadas entre a ponte Wilson Coury Jabour J\u00fanior e a Rua Prof. Joaquim Henrique Viana;<\/p>\n<p>&#8211; \u00c0 margem direita, devem ser montadas entre as pontes Wilson Coury Jabour J\u00fanior e da Rua Halfeld;<\/p>\n<p>&#8211; Espa\u00e7amento de 1 metro entre as barracas;<\/p>\n<p>&#8211; Barracas de lanche somente com delivery;<\/p>\n<p>&#8211; Proibida a venda e consumo de bebidas alco\u00f3licas nas barracas;<\/p>\n<p>&#8211; Proibido o uso de mesas e cadeiras;<\/p>\n<p>&#8211; Uso obrigat\u00f3rio de m\u00e1scaras;<\/p>\n<p>&#8211; Uso obrigat\u00f3rio de \u00e1lcool 70% em todas as barracas;<\/p>\n<p>&#8211; Espa\u00e7amento de, pelo menos, cinco metros entre as barracas de lanche;<\/p>\n<p>&#8211; Atendimento aos protocolos de enfrentamento \u00e0 Covid-19;<\/p>\n<p>&#8211; Sujeito a fiscaliza\u00e7\u00e3o dos \u00f3rg\u00e3os respons\u00e1veis.<\/p>\n","protected":false},"excerpt":{"rendered":"<p>Retorna no pr\u00f3ximo domingo, 23, a\u00a0feira livre da Avenida Brasil seguindo as normas de funcionamento estabelecidas na nota t\u00e9cnica\u00a0assinada pela coordena\u00e7\u00e3o do F\u00f3rum Municipal em Defesa da Vida. As barracas da feira livre ser\u00e3o montadas nas duas margens do Rio Paraibuna. Segundo informa\u00e7\u00f5es do site da Prefeitura de Juiz de Fora, a decis\u00e3o foi tomada [&hellip;]<\/p>\n","protected":false},"author":246,"featured_media":182834,"comment_status":"closed","ping_status":"closed","sticky":false,"template":"","format":"standard","meta":{"footnotes":""},"categories":[253,436,439],"tags":[],"class_list":["post-182833","post","type-post","status-publish","format-standard","has-post-thumbnail","hentry","category-cidade","category-destaque-da-semana","category-ultima-hora"],"_links":{"self":[{"href":"https:\/\/diarioregionaldigital.com.br\/index.php?rest_route=\/wp\/v2\/posts\/182833","targetHints":{"allow":["GET"]}}],"collection":[{"href":"https:\/\/diarioregionaldigital.com.br\/index.php?rest_route=\/wp\/v2\/posts"}],"about":[{"href":"https:\/\/diarioregionaldigital.com.br\/index.php?rest_route=\/wp\/v2\/types\/post"}],"author":[{"embeddable":true,"href":"https:\/\/diarioregionaldigital.com.br\/index.php?rest_route=\/wp\/v2\/users\/246"}],"replies":[{"embeddable":true,"href":"https:\/\/diarioregionaldigital.com.br\/index.php?rest_route=%2Fwp%2Fv2%2Fcomments&post=182833"}],"version-history":[{"count":1,"href":"https:\/\/diarioregionaldigital.com.br\/index.php?rest_route=\/wp\/v2\/posts\/182833\/revisions"}],"predecessor-version":[{"id":182835,"href":"https:\/\/diarioregionaldigital.com.br\/index.php?rest_route=\/wp\/v2\/posts\/182833\/revisions\/182835"}],"wp:featuredmedia":[{"embeddable":true,"href":"https:\/\/diarioregionaldigital.com.br\/index.php?rest_route=\/wp\/v2\/media\/182834"}],"wp:attachment":[{"href":"https:\/\/diarioregionaldigital.com.br\/index.php?rest_route=%2Fwp%2Fv2%2Fmedia&parent=182833"}],"wp:term":[{"taxonomy":"category","embeddable":true,"href":"https:\/\/diarioregionaldigital.com.br\/index.php?rest_route=%2Fwp%2Fv2%2Fcategories&post=182833"},{"taxonomy":"post_tag","embeddable":true,"href":"https:\/\/diarioregionaldigital.com.br\/index.php?rest_route=%2Fwp%2Fv2%2Ftags&post=182833"}],"curies":[{"name":"wp","href":"https:\/\/api.w.org\/{rel}","templated":true}]}}