{"id":182829,"date":"2021-05-21T20:00:52","date_gmt":"2021-05-21T23:00:52","guid":{"rendered":"https:\/\/diarioregionaldigital.com.br\/?p=182829"},"modified":"2021-05-21T20:00:52","modified_gmt":"2021-05-21T23:00:52","slug":"campanha-de-doacao-de-sangue-e-apoiada-pela-guarda-municipal","status":"publish","type":"post","link":"https:\/\/diarioregionaldigital.com.br\/?p=182829","title":{"rendered":"Campanha de doa\u00e7\u00e3o de sangue \u00e9 apoiada pela Guarda Municipal"},"content":{"rendered":"<p>Nesta quinta-feira, 20, a Guarda Municipal (GM) de Juiz de Fora participou de uma a\u00e7\u00e3o de sensibiliza\u00e7\u00e3o para a doa\u00e7\u00e3o de Sangue ao Hemominas. Uma blitz uniu parceiros volunt\u00e1rios, para levar o apelo a motoristas, que passaram pelo cruzamento da Avenida Rio Branco com Rua Halfeld. A campanha visou \u00e0 mobiliza\u00e7\u00e3o de doadores para abastecimento dos estoques do banco de sangue local. O Hemocentro de Juiz de Fora precisa de 160 doadores di\u00e1rios, para atender 57 hospitais da cidade e regi\u00e3o. N\u00fameros, que devido ao per\u00edodo de pandemia, n\u00e3o t\u00eam sido alcan\u00e7ados.<\/p>\n<p>Segundo informa\u00e7\u00f5es do site da Prefeitura de Juiz de Fora, para doar sangue, a pessoa deve estar alimentada e em condi\u00e7\u00f5es plenas de sa\u00fade. Ter entre 16 e 69 anos, apresentar documento original que contenha foto, filia\u00e7\u00e3o e assinatura (Carteira de Identidade ou de Trabalho, por exemplo). Tamb\u00e9m \u00e9 necess\u00e1rio ter mais de 50 quilos e, para quem j\u00e1 \u00e9 doador, respeitar o intervalo de doa\u00e7\u00e3o, que para mulheres \u00e9 de 90 dias e, para os homens, 60 dias.<\/p>\n<p>O funcionamento do Hemominas acontece de segunda a s\u00e1bado na Rua Bar\u00e3o de Cataguases, esquina com a Rio Branco, Bairro Santa Helena, no hor\u00e1rio das 7h \u00e0s 12h. O doador tamb\u00e9m pode agendar sua doa\u00e7\u00e3o pelo <a href=\"http:\/\/www.hemominas.mg.gov.br\/\"><b>site do Hemominas\u00a0<\/b><\/a>.<\/p>\n<p>A GM se coloca a favor da vida, solid\u00e1ria \u00e0 situa\u00e7\u00e3o de baixo estoque de sangue. A doa\u00e7\u00e3o de sangue \u00e9 uma pr\u00e1tica comum entre os integrantes da corpora\u00e7\u00e3o. J\u00e1 faz parte da cultura interna a ades\u00e3o a campanhas e a realiza\u00e7\u00e3o de doa\u00e7\u00e3o volunt\u00e1ria individual ao Hemominas.<\/p>\n","protected":false},"excerpt":{"rendered":"<p>Nesta quinta-feira, 20, a Guarda Municipal (GM) de Juiz de Fora participou de uma a\u00e7\u00e3o de sensibiliza\u00e7\u00e3o para a doa\u00e7\u00e3o de Sangue ao Hemominas. Uma blitz uniu parceiros volunt\u00e1rios, para levar o apelo a motoristas, que passaram pelo cruzamento da Avenida Rio Branco com Rua Halfeld. A campanha visou \u00e0 mobiliza\u00e7\u00e3o de doadores para abastecimento [&hellip;]<\/p>\n","protected":false},"author":246,"featured_media":182830,"comment_status":"closed","ping_status":"closed","sticky":false,"template":"","format":"standard","meta":{"footnotes":""},"categories":[253,436,439],"tags":[],"class_list":["post-182829","post","type-post","status-publish","format-standard","has-post-thumbnail","hentry","category-cidade","category-destaque-da-semana","category-ultima-hora"],"_links":{"self":[{"href":"https:\/\/diarioregionaldigital.com.br\/index.php?rest_route=\/wp\/v2\/posts\/182829","targetHints":{"allow":["GET"]}}],"collection":[{"href":"https:\/\/diarioregionaldigital.com.br\/index.php?rest_route=\/wp\/v2\/posts"}],"about":[{"href":"https:\/\/diarioregionaldigital.com.br\/index.php?rest_route=\/wp\/v2\/types\/post"}],"author":[{"embeddable":true,"href":"https:\/\/diarioregionaldigital.com.br\/index.php?rest_route=\/wp\/v2\/users\/246"}],"replies":[{"embeddable":true,"href":"https:\/\/diarioregionaldigital.com.br\/index.php?rest_route=%2Fwp%2Fv2%2Fcomments&post=182829"}],"version-history":[{"count":1,"href":"https:\/\/diarioregionaldigital.com.br\/index.php?rest_route=\/wp\/v2\/posts\/182829\/revisions"}],"predecessor-version":[{"id":182831,"href":"https:\/\/diarioregionaldigital.com.br\/index.php?rest_route=\/wp\/v2\/posts\/182829\/revisions\/182831"}],"wp:featuredmedia":[{"embeddable":true,"href":"https:\/\/diarioregionaldigital.com.br\/index.php?rest_route=\/wp\/v2\/media\/182830"}],"wp:attachment":[{"href":"https:\/\/diarioregionaldigital.com.br\/index.php?rest_route=%2Fwp%2Fv2%2Fmedia&parent=182829"}],"wp:term":[{"taxonomy":"category","embeddable":true,"href":"https:\/\/diarioregionaldigital.com.br\/index.php?rest_route=%2Fwp%2Fv2%2Fcategories&post=182829"},{"taxonomy":"post_tag","embeddable":true,"href":"https:\/\/diarioregionaldigital.com.br\/index.php?rest_route=%2Fwp%2Fv2%2Ftags&post=182829"}],"curies":[{"name":"wp","href":"https:\/\/api.w.org\/{rel}","templated":true}]}}