{"id":182826,"date":"2021-05-21T19:32:40","date_gmt":"2021-05-21T22:32:40","guid":{"rendered":"https:\/\/diarioregionaldigital.com.br\/?p=182826"},"modified":"2021-05-21T19:32:40","modified_gmt":"2021-05-21T22:32:40","slug":"mais-de-200-vistorias-foram-realizadas-durante-a-semana-pela-equipe-de-fiscalizacao-da-pjf","status":"publish","type":"post","link":"https:\/\/diarioregionaldigital.com.br\/?p=182826","title":{"rendered":"Mais de 200 vistorias foram realizadas durante a semana pela Equipe de fiscaliza\u00e7\u00e3o da PJF"},"content":{"rendered":"<p>Com o objetivo de garantir o cumprimento das normas sanit\u00e1rias para reduzir a dissemina\u00e7\u00e3o do novo coronav\u00edrus, a opera\u00e7\u00e3o Fiscaliza\u00e7\u00e3o pela Vida realizou 236 vistorias entre segunda-feira, 17, e quinta-feira, 20.<\/p>\n<p>Os estabelecimentos que n\u00e3o respeitarem as normas est\u00e3o sujeitos \u00e0 autua\u00e7\u00e3o e \u00e0 interdi\u00e7\u00e3o, sendo prevista interdi\u00e7\u00e3o de sete dias na primeira recorr\u00eancia; de 15 dias na segunda; e, na terceira vez, a interdi\u00e7\u00e3o ser\u00e1 at\u00e9 o fim do estado de calamidade p\u00fablica. Os protocolos de biosseguran\u00e7a adotados pelo munic\u00edpio podem ser conferidos no\u00a0<a href=\"https:\/\/covid19.pjf.mg.gov.br\/programa_jfpelavida.php\"><b>site<\/b><\/a>\u00a0do programa \u201cJuiz de Fora pela Vida\u201d.<\/p>\n<p>Segundo informa\u00e7\u00f5es do site da Prefeitura de Juiz de Fora, a Guarda Municipal atuou, nesta semana, na passagem de n\u00edvel na Get\u00falio Vargas, a fim de evitar aglomera\u00e7\u00f5es nestas \u00e1reas e promover o livre tr\u00e2nsito de pessoas. Tamb\u00e9m houve a\u00e7\u00e3o conjunta com os fiscais de posturas da Secretaria de Sustentabilidade em Meio Ambiente e Atividades Urbanas (Sesmaur) e fiscaliza\u00e7\u00e3o na feira noturna desta quarta-feira, 19.<\/p>\n<p>Nesta quinta-feira, 20, durante a ronda noturna da fiscaliza\u00e7\u00e3o, os fiscais de posturas da Sesmaur vistoriaram dez estabelecimentos. Foram emitidos seis autos de notifica\u00e7\u00e3o e um termo de intima\u00e7\u00e3o.<\/p>\n","protected":false},"excerpt":{"rendered":"<p>Com o objetivo de garantir o cumprimento das normas sanit\u00e1rias para reduzir a dissemina\u00e7\u00e3o do novo coronav\u00edrus, a opera\u00e7\u00e3o Fiscaliza\u00e7\u00e3o pela Vida realizou 236 vistorias entre segunda-feira, 17, e quinta-feira, 20. Os estabelecimentos que n\u00e3o respeitarem as normas est\u00e3o sujeitos \u00e0 autua\u00e7\u00e3o e \u00e0 interdi\u00e7\u00e3o, sendo prevista interdi\u00e7\u00e3o de sete dias na primeira recorr\u00eancia; de [&hellip;]<\/p>\n","protected":false},"author":246,"featured_media":182827,"comment_status":"closed","ping_status":"closed","sticky":false,"template":"","format":"standard","meta":{"footnotes":""},"categories":[253,436,440,439],"tags":[],"class_list":["post-182826","post","type-post","status-publish","format-standard","has-post-thumbnail","hentry","category-cidade","category-destaque-da-semana","category-destaques-do-dia","category-ultima-hora"],"_links":{"self":[{"href":"https:\/\/diarioregionaldigital.com.br\/index.php?rest_route=\/wp\/v2\/posts\/182826","targetHints":{"allow":["GET"]}}],"collection":[{"href":"https:\/\/diarioregionaldigital.com.br\/index.php?rest_route=\/wp\/v2\/posts"}],"about":[{"href":"https:\/\/diarioregionaldigital.com.br\/index.php?rest_route=\/wp\/v2\/types\/post"}],"author":[{"embeddable":true,"href":"https:\/\/diarioregionaldigital.com.br\/index.php?rest_route=\/wp\/v2\/users\/246"}],"replies":[{"embeddable":true,"href":"https:\/\/diarioregionaldigital.com.br\/index.php?rest_route=%2Fwp%2Fv2%2Fcomments&post=182826"}],"version-history":[{"count":1,"href":"https:\/\/diarioregionaldigital.com.br\/index.php?rest_route=\/wp\/v2\/posts\/182826\/revisions"}],"predecessor-version":[{"id":182828,"href":"https:\/\/diarioregionaldigital.com.br\/index.php?rest_route=\/wp\/v2\/posts\/182826\/revisions\/182828"}],"wp:featuredmedia":[{"embeddable":true,"href":"https:\/\/diarioregionaldigital.com.br\/index.php?rest_route=\/wp\/v2\/media\/182827"}],"wp:attachment":[{"href":"https:\/\/diarioregionaldigital.com.br\/index.php?rest_route=%2Fwp%2Fv2%2Fmedia&parent=182826"}],"wp:term":[{"taxonomy":"category","embeddable":true,"href":"https:\/\/diarioregionaldigital.com.br\/index.php?rest_route=%2Fwp%2Fv2%2Fcategories&post=182826"},{"taxonomy":"post_tag","embeddable":true,"href":"https:\/\/diarioregionaldigital.com.br\/index.php?rest_route=%2Fwp%2Fv2%2Ftags&post=182826"}],"curies":[{"name":"wp","href":"https:\/\/api.w.org\/{rel}","templated":true}]}}