{"id":182823,"date":"2021-05-21T19:09:20","date_gmt":"2021-05-21T22:09:20","guid":{"rendered":"https:\/\/diarioregionaldigital.com.br\/?p=182823"},"modified":"2021-05-21T19:09:20","modified_gmt":"2021-05-21T22:09:20","slug":"neste-sabado-22-acontece-a-vacinacao-contra-covid-19-no-drive-thru-da-ufjf-realizada-pela-pjf","status":"publish","type":"post","link":"https:\/\/diarioregionaldigital.com.br\/?p=182823","title":{"rendered":"Neste s\u00e1bado, 22, acontece a vacina\u00e7\u00e3o contra Covid-19 no drive-thru da UFJF realizada pela PJF"},"content":{"rendered":"<p>Neste s\u00e1bado, 22, a Secretaria de Sa\u00fade da Prefeitura de Juiz de Fora (PJF) vai oferecer a vacina\u00e7\u00e3o na modalidade drive-thru na Universidade Federal de Juiz de Fora (UFJF).\u00a0 Esta fase da imuniza\u00e7\u00e3o ser\u00e1 voltada \u00e0s pessoas com comorbidades e defici\u00eancia permanente com 40 anos ou mais, para os autistas e pessoas com S\u00edndrome de Down. A imuniza\u00e7\u00e3o acontecer\u00e1 no estacionamento da Faculdade de Educa\u00e7\u00e3o (Faced) da UFJF, das 9h \u00e0s 16h.<\/p>\n<p><b>Vacina\u00e7\u00e3o no Sport Club<\/b><\/p>\n<p>Haver\u00e1 vacina\u00e7\u00e3o no Sport Club Juiz de Fora, neste s\u00e1bado, das 8h \u00e0s 16h. As pessoas com comorbidade com 40 anos ou mais, autistas e pessoas com S\u00edndrome de Down, al\u00e9m da UFJF, podem ser vacinadas no local. Gr\u00e1vidas e pu\u00e9rperas (mulheres que tiveram filho recentemente) seguem recebendo doses de Cononavac, imunizante indicado atualmente pelo Minist\u00e9rio para a imuniza\u00e7\u00e3o destes dois grupos espec\u00edficos. Os demais p\u00fablicos ser\u00e3o vacinados com Astrazeneca.<\/p>\n<p><b>Comorbidades que s\u00e3o priorizadas para imuniza\u00e7\u00e3o<\/b><\/p>\n<p>Segundo informa\u00e7\u00f5es que constam no site da Prefeitura de Juiz de Fora, dentre as comorbidades inclu\u00eddas como priorit\u00e1rias para o processo de vacina\u00e7\u00e3o contra o coronav\u00edrus encontram-se: diabetes, doen\u00e7as do cora\u00e7\u00e3o, doen\u00e7as pulmonares, hipertens\u00e3o arterial, c\u00e2ncer, insufici\u00eancia renal, imunossuprimidos, obesidade grau 3 (IMC\u226540), cerebrovasculares, transplantados de \u00f3rg\u00e3o s\u00f3lido ou de medula \u00f3ssea, cirrose hep\u00e1tica e anemia falciforme. As comorbidades est\u00e3o descritas no Plano de Operacionaliza\u00e7\u00e3o da Vacina\u00e7\u00e3o contra a Covid-19. A lista completa das comorbidades atendidas neste momento pode ser verificada <a href=\"https:\/\/covid19.pjf.mg.gov.br\/vacinacao_comorbidades.php\"><b>no site da PJF<\/b><\/a><\/p>\n<p><b>Documentos que comprovam comorbidades e Defici\u00eancia Permanente<\/b><\/p>\n<p>Atestado m\u00e9dico ou declara\u00e7\u00e3o m\u00e9dica informando a comorbidade, ou receita de um medicamento de uso cont\u00ednuo, usado no tratamento, ou outro documento que identifique o acompanhamento da condi\u00e7\u00e3o cr\u00f4nica ou comorbidade listada. Todos estes t\u00eam que ter sido emitidos h\u00e1, no m\u00e1ximo, 12 meses. Para o caso das pessoas com defici\u00eancia, ser\u00e1 necess\u00e1rio um laudo m\u00e9dico dos \u00faltimos 12 meses que comprove a defici\u00eancia permanente. Al\u00e9m disso, devem ser apresentados, originais e c\u00f3pias, do Documento de Identidade (RG), CPF &#8211; nos casos que o n\u00famero n\u00e3o conste no RG &#8211; e comprovante de resid\u00eancia.<\/p>\n","protected":false},"excerpt":{"rendered":"<p>Neste s\u00e1bado, 22, a Secretaria de Sa\u00fade da Prefeitura de Juiz de Fora (PJF) vai oferecer a vacina\u00e7\u00e3o na modalidade drive-thru na Universidade Federal de Juiz de Fora (UFJF).\u00a0 Esta fase da imuniza\u00e7\u00e3o ser\u00e1 voltada \u00e0s pessoas com comorbidades e defici\u00eancia permanente com 40 anos ou mais, para os autistas e pessoas com S\u00edndrome de [&hellip;]<\/p>\n","protected":false},"author":246,"featured_media":182824,"comment_status":"closed","ping_status":"closed","sticky":false,"template":"","format":"standard","meta":{"footnotes":""},"categories":[253,440,439],"tags":[],"class_list":["post-182823","post","type-post","status-publish","format-standard","has-post-thumbnail","hentry","category-cidade","category-destaques-do-dia","category-ultima-hora"],"_links":{"self":[{"href":"https:\/\/diarioregionaldigital.com.br\/index.php?rest_route=\/wp\/v2\/posts\/182823","targetHints":{"allow":["GET"]}}],"collection":[{"href":"https:\/\/diarioregionaldigital.com.br\/index.php?rest_route=\/wp\/v2\/posts"}],"about":[{"href":"https:\/\/diarioregionaldigital.com.br\/index.php?rest_route=\/wp\/v2\/types\/post"}],"author":[{"embeddable":true,"href":"https:\/\/diarioregionaldigital.com.br\/index.php?rest_route=\/wp\/v2\/users\/246"}],"replies":[{"embeddable":true,"href":"https:\/\/diarioregionaldigital.com.br\/index.php?rest_route=%2Fwp%2Fv2%2Fcomments&post=182823"}],"version-history":[{"count":1,"href":"https:\/\/diarioregionaldigital.com.br\/index.php?rest_route=\/wp\/v2\/posts\/182823\/revisions"}],"predecessor-version":[{"id":182825,"href":"https:\/\/diarioregionaldigital.com.br\/index.php?rest_route=\/wp\/v2\/posts\/182823\/revisions\/182825"}],"wp:featuredmedia":[{"embeddable":true,"href":"https:\/\/diarioregionaldigital.com.br\/index.php?rest_route=\/wp\/v2\/media\/182824"}],"wp:attachment":[{"href":"https:\/\/diarioregionaldigital.com.br\/index.php?rest_route=%2Fwp%2Fv2%2Fmedia&parent=182823"}],"wp:term":[{"taxonomy":"category","embeddable":true,"href":"https:\/\/diarioregionaldigital.com.br\/index.php?rest_route=%2Fwp%2Fv2%2Fcategories&post=182823"},{"taxonomy":"post_tag","embeddable":true,"href":"https:\/\/diarioregionaldigital.com.br\/index.php?rest_route=%2Fwp%2Fv2%2Ftags&post=182823"}],"curies":[{"name":"wp","href":"https:\/\/api.w.org\/{rel}","templated":true}]}}