{"id":182820,"date":"2021-05-21T18:58:51","date_gmt":"2021-05-21T21:58:51","guid":{"rendered":"https:\/\/diarioregionaldigital.com.br\/?p=182820"},"modified":"2021-05-21T18:58:51","modified_gmt":"2021-05-21T21:58:51","slug":"selecao-olimpica-enfrenta-cabo-verde-e-servia-na-proxima-data-fifa","status":"publish","type":"post","link":"https:\/\/diarioregionaldigital.com.br\/?p=182820","title":{"rendered":"Sele\u00e7\u00e3o Ol\u00edmpica enfrenta Cabo Verde e S\u00e9rvia na pr\u00f3xima Data-Fifa"},"content":{"rendered":"<p class=\"p3\">A s\u00e9tima e \u00faltima etapa de prepara\u00e7\u00e3o da Sele\u00e7\u00e3o Ol\u00edmpica Masculina antes da disputa dos Jogos de T\u00f3quio ser\u00e1 em Belgrado, capital da S\u00e9rvia, no Leste Europeu.<\/p>\n<p class=\"p3\">A equipe de Andr\u00e9 Jardine,\u00a0<a href=\"https:\/\/www.cbf.com.br\/selecao-brasileira\/olimpica\/brasileira\/selecao-olimpica-e-convocada-para-a-data-fifa-de-junho\">convocada no \u00faltimo dia 14<\/a>, enfrentar\u00e1 a Sele\u00e7\u00e3o Principal de Cabo Verde, no dia 5 de junho, e a equipe sub-24 da S\u00e9rvia, no dia 8 de junho. O grupo convocado embarca no dia 30 de maio.<\/p>\n<p class=\"p3\">Os dois confrontos ser\u00e3o realizados no Est\u00e1dio Partizan \u00e0s 15h (Hor\u00e1rio de Bras\u00edlia), e os treinamentos acontecer\u00e3o no Est\u00e1dio Karadorde.<\/p>\n<p class=\"p3\">\u201cA prepara\u00e7\u00e3o foi interrompida por causa da pandemia, por isso essa etapa de agora ser\u00e1 fundamental para consolidarmos nossas ideias, implementadas desde 2019. Vamos enfrentar uma equipe africana e uma europeia, escolas diferentes, e dois bons testes antes do fechamento da nossa lista\u201d, destaca Andr\u00e9 Jardine.<\/p>\n<p class=\"p3\">A equipe principal de Cabo Verde disputa atualmente o qualificat\u00f3rio para a Copa das Na\u00e7\u00f5es Africanas. Em segundo lugar no grupo F, os africanos est\u00e3o invictos na disputa. Nos dois confrontos mais recentes, em 2021, Cabo Verde venceu a tradicional sele\u00e7\u00e3o de Camar\u00f5es por 3 a 1, e a equipe de Mo\u00e7ambique por 1 a 0.<\/p>\n<p class=\"p3\">\u201cCom todas as dificuldades impostas pelo momento, com pa\u00edses fechados para receber o Brasil, esgotamos as possibilidades e buscamos por confrontos que pudessem vir ao encontro dos objetivos de nossa prepara\u00e7\u00e3o. Conseguimos uma equipe africana principal e uma europeia sub-24. S\u00e3o dois estilos de jogo semelhantes aos de nossos advers\u00e1rios na primeira fase e tamb\u00e9m durante os jogos\u201d, explica Branco, Coordenador das categorias de base da Sele\u00e7\u00e3o Brasileira.<\/p>\n<p class=\"p3\">A Sele\u00e7\u00e3o Ol\u00edmpica Masculina estreia nos Jogos de T\u00f3quio contra a Alemanha no dia 22 de julho \u00e0s 8h30 (hor\u00e1rio de Bras\u00edlia), no Est\u00e1dio de Yokohama. O segundo duelo da fase de grupos ser\u00e1 contra a Costa do Marfim \u00e0s 5h30 (hor\u00e1rio de Bras\u00edlia), no Est\u00e1dio de Yokohama. O \u00faltimo jogo desta fase ser\u00e1 contra a Ar\u00e1bia Saudita \u00e0s 5h (hor\u00e1rio de Bras\u00edlia) no Est\u00e1dio de Saitama.<\/p>\n<p class=\"p4\"><strong>Jogos da Sele\u00e7\u00e3o Ol\u00edmpica na S\u00e9rvia<br \/>\n<\/strong><\/p>\n<p class=\"p3\"><em>Brasil x Cabo Verde<\/em><br \/>\nData: 05 de junho<br \/>\nLocal: Est\u00e1dio Partizan<br \/>\nHor\u00e1rio: 16h (Hor\u00e1rio de Bras\u00edlia)<\/p>\n<p class=\"p3\"><em>Brasil x S\u00e9rvia<\/em><br \/>\nData: 08 de junho<br \/>\nLocal: Est\u00e1dio Partizan<br \/>\nHor\u00e1rio: 16h (Hor\u00e1rio de Bras\u00edlia)<\/p>\n<p class=\"p4\"><strong>Prepara\u00e7\u00e3o para os Jogos Ol\u00edmpicos de T\u00f3quio 2020<\/p>\n<p><\/strong><strong>Jogos preparat\u00f3rios\/2020<br \/>\n<\/strong>Brasil 1 x 2 Egito (Matheus Cunha)<br \/>\nBrasil 3 x 1 Coreia do Sul (Matheus Cunha, Reinier e Rodrygo)<\/p>\n<p class=\"p3\"><strong>Torneio Pr\u00e9-Ol\u00edmpico\/2020<br \/>\n<\/strong>Brasil 3 x 0 Argentina (Matheus Cunha (2x), Paulinho)<br \/>\nBrasil 1 x 1 Uruguai (Pedrinho)<br \/>\nBrasil 1 x 1 Col\u00f4mbia (Matheus Cunha)<br \/>\nBrasil 2 x 1 Paraguai (Paulinho e Pep\u00ea)<br \/>\nBrasil 5 x 3 Bol\u00edvia (Antony, Matheus Cunha, Guga, Reinier e Pep\u00ea)<br \/>\nBrasil 3 x 1 Uruguai (Pedrinho, Matheus Cunha e Pep\u00ea)<br \/>\nBrasil 1 x 0 Peru (Paulinho)<\/p>\n<p class=\"p3\"><strong>Jogos preparat\u00f3rios\/2019<\/strong><br \/>\nBrasil 2 x 0 Col\u00f4mbia (Pedrinho e Matheus Cunha)<br \/>\nBrasil 3 x 1 Chile (Matheus Cunha (2x) e Antony)<br \/>\nBrasil 4 x 1 Venezuela (Douglas Luiz, Antony (2x) e Pedro)<br \/>\nBrasil 2 x 3 Jap\u00e3o (Matheus Cunha e Pedro)<br \/>\nBrasil 1 x 0 EUA (Matheus Cunha)<br \/>\nBrasil 0 x 1 Argentina<\/p>\n<p class=\"p3\"><strong>Torneio de Toulon\/2019 &#8211; In\u00edcio de prepara\u00e7\u00e3o do time Ol\u00edmpico<\/strong><br \/>\nBrasil 4 x 0 Guatemala (Pedrinho, Bruno Tabata, Wendel e Douglas Luiz)<br \/>\nBrasil 4 x 0 Fran\u00e7a (Antony, Matheus Henrique, Matheus Cunha e Mateus Vital)<br \/>\nBrasil 5 x 0 Catar (Matheus Cunha (2x), Mateus Vital e Paulinho (2x))<br \/>\nBrasil 2 x 0 Irlanda (Paulinho e Matheus Cunha)<br \/>\nBrasil 1 x 1 Jap\u00e3o (Antony)<\/p>\n<p>Fonte: CBF<\/p>\n","protected":false},"excerpt":{"rendered":"<p>A s\u00e9tima e \u00faltima etapa de prepara\u00e7\u00e3o da Sele\u00e7\u00e3o Ol\u00edmpica Masculina antes da disputa dos Jogos de T\u00f3quio ser\u00e1 em Belgrado, capital da S\u00e9rvia, no Leste Europeu. A equipe de Andr\u00e9 Jardine,\u00a0convocada no \u00faltimo dia 14, enfrentar\u00e1 a Sele\u00e7\u00e3o Principal de Cabo Verde, no dia 5 de junho, e a equipe sub-24 da S\u00e9rvia, no [&hellip;]<\/p>\n","protected":false},"author":246,"featured_media":182821,"comment_status":"closed","ping_status":"closed","sticky":false,"template":"","format":"standard","meta":{"footnotes":""},"categories":[257,439],"tags":[],"class_list":["post-182820","post","type-post","status-publish","format-standard","has-post-thumbnail","hentry","category-esporte","category-ultima-hora"],"_links":{"self":[{"href":"https:\/\/diarioregionaldigital.com.br\/index.php?rest_route=\/wp\/v2\/posts\/182820","targetHints":{"allow":["GET"]}}],"collection":[{"href":"https:\/\/diarioregionaldigital.com.br\/index.php?rest_route=\/wp\/v2\/posts"}],"about":[{"href":"https:\/\/diarioregionaldigital.com.br\/index.php?rest_route=\/wp\/v2\/types\/post"}],"author":[{"embeddable":true,"href":"https:\/\/diarioregionaldigital.com.br\/index.php?rest_route=\/wp\/v2\/users\/246"}],"replies":[{"embeddable":true,"href":"https:\/\/diarioregionaldigital.com.br\/index.php?rest_route=%2Fwp%2Fv2%2Fcomments&post=182820"}],"version-history":[{"count":1,"href":"https:\/\/diarioregionaldigital.com.br\/index.php?rest_route=\/wp\/v2\/posts\/182820\/revisions"}],"predecessor-version":[{"id":182822,"href":"https:\/\/diarioregionaldigital.com.br\/index.php?rest_route=\/wp\/v2\/posts\/182820\/revisions\/182822"}],"wp:featuredmedia":[{"embeddable":true,"href":"https:\/\/diarioregionaldigital.com.br\/index.php?rest_route=\/wp\/v2\/media\/182821"}],"wp:attachment":[{"href":"https:\/\/diarioregionaldigital.com.br\/index.php?rest_route=%2Fwp%2Fv2%2Fmedia&parent=182820"}],"wp:term":[{"taxonomy":"category","embeddable":true,"href":"https:\/\/diarioregionaldigital.com.br\/index.php?rest_route=%2Fwp%2Fv2%2Fcategories&post=182820"},{"taxonomy":"post_tag","embeddable":true,"href":"https:\/\/diarioregionaldigital.com.br\/index.php?rest_route=%2Fwp%2Fv2%2Ftags&post=182820"}],"curies":[{"name":"wp","href":"https:\/\/api.w.org\/{rel}","templated":true}]}}