{"id":182816,"date":"2021-05-21T18:56:07","date_gmt":"2021-05-21T21:56:07","guid":{"rendered":"https:\/\/diarioregionaldigital.com.br\/?p=182816"},"modified":"2021-05-21T18:56:07","modified_gmt":"2021-05-21T21:56:07","slug":"brasileiras-compoem-primeira-equipe-de-arbitragem-100-feminina-da-conmebol-libertadores","status":"publish","type":"post","link":"https:\/\/diarioregionaldigital.com.br\/?p=182816","title":{"rendered":"Brasileiras comp\u00f5em primeira equipe de arbitragem 100% feminina da Conmebol Libertadores"},"content":{"rendered":"<p>A arbitragem brasileira ser\u00e1 protagonista de mais um cap\u00edtulo hist\u00f3rico do futebol sul-americano. Na pr\u00f3xima quinta-feira (27), a Conmebol Libertadores ter\u00e1 seu primeiro jogo comandado por uma equipe de arbitragem totalmente feminina. A brasileira Edina Alves Batista (FIFA-SP) ser\u00e1 a \u00e1rbitra principal do jogo entre Defensa y Justicia e Independiente del Valle, que tamb\u00e9m ter\u00e1 a auxiliar Neuza In\u00eas Back (FIFA-SP). O trio de campo ser\u00e1 completo por Cindy Nahuelcoy, do Chile.<\/p>\n<p>Al\u00e9m do trio principal, todo o resto da equipe de arbitragem tamb\u00e9m ser\u00e1 composto por mulheres. A quarta \u00e1rbitra ser\u00e1\u00a0Mar\u00eda Belen Carvajal, do Chile. A analista de arbitragem ser\u00e1 a argentina Sabrina Lois, enquanto a brasileiro Ana Paula de Oliveira atuar\u00e1 como analista de v\u00eddeo.<\/p>\n<p>A equipe de arbitragem de Defensa y Justicia x Independiente del Valle:<\/p>\n<p>\u00c1rbitra: Edina Alves Batista (BRA)<br \/>\nAuxiliar 1: Neuza In\u00eas Back (BRA)<br \/>\nAuxiliar 2: Cindy Nahuelcoy (CHI)<br \/>\nQuarta \u00c1rbitra: Mar\u00eda Belen Carvajal (CHI)<br \/>\nAnalista de Arbitragem: Sabrina Lois (ARG)<br \/>\nAnalista de V\u00eddeo: Ana Paula de Oliveira (BRA)<\/p>\n<p>Com mais este feito, Edina Alves e Neuza Back seguem quebrando barreiras para as mulheres na arbitragem. As duas estiveram no jogo entre CSA e Goi\u00e1s, no Brasileir\u00e3o de 2019, que marcou o primeiro jogo de uma mulher como \u00e1rbitra na S\u00e9rie A do Campeonato Brasileiro em mais de 14 anos. Meses depois, as duas estiveram na Copa do Mundo da Fran\u00e7a, na qual comandaram a semifinal entre Estados Unidos e Inglaterra. Em fevereiro de 2021, as duas fizeram parte do primeiro trio 100% feminino a apitar uma partida de futebol masculino profissional da FIFA, durante o Mundial de Clubes de 2020.<\/p>\n<p>Fonte: CBF<\/p>\n","protected":false},"excerpt":{"rendered":"<p>A arbitragem brasileira ser\u00e1 protagonista de mais um cap\u00edtulo hist\u00f3rico do futebol sul-americano. Na pr\u00f3xima quinta-feira (27), a Conmebol Libertadores ter\u00e1 seu primeiro jogo comandado por uma equipe de arbitragem totalmente feminina. A brasileira Edina Alves Batista (FIFA-SP) ser\u00e1 a \u00e1rbitra principal do jogo entre Defensa y Justicia e Independiente del Valle, que tamb\u00e9m ter\u00e1 [&hellip;]<\/p>\n","protected":false},"author":246,"featured_media":0,"comment_status":"closed","ping_status":"closed","sticky":false,"template":"","format":"standard","meta":{"footnotes":""},"categories":[257,439],"tags":[],"class_list":["post-182816","post","type-post","status-publish","format-standard","hentry","category-esporte","category-ultima-hora"],"_links":{"self":[{"href":"https:\/\/diarioregionaldigital.com.br\/index.php?rest_route=\/wp\/v2\/posts\/182816","targetHints":{"allow":["GET"]}}],"collection":[{"href":"https:\/\/diarioregionaldigital.com.br\/index.php?rest_route=\/wp\/v2\/posts"}],"about":[{"href":"https:\/\/diarioregionaldigital.com.br\/index.php?rest_route=\/wp\/v2\/types\/post"}],"author":[{"embeddable":true,"href":"https:\/\/diarioregionaldigital.com.br\/index.php?rest_route=\/wp\/v2\/users\/246"}],"replies":[{"embeddable":true,"href":"https:\/\/diarioregionaldigital.com.br\/index.php?rest_route=%2Fwp%2Fv2%2Fcomments&post=182816"}],"version-history":[{"count":2,"href":"https:\/\/diarioregionaldigital.com.br\/index.php?rest_route=\/wp\/v2\/posts\/182816\/revisions"}],"predecessor-version":[{"id":182819,"href":"https:\/\/diarioregionaldigital.com.br\/index.php?rest_route=\/wp\/v2\/posts\/182816\/revisions\/182819"}],"wp:attachment":[{"href":"https:\/\/diarioregionaldigital.com.br\/index.php?rest_route=%2Fwp%2Fv2%2Fmedia&parent=182816"}],"wp:term":[{"taxonomy":"category","embeddable":true,"href":"https:\/\/diarioregionaldigital.com.br\/index.php?rest_route=%2Fwp%2Fv2%2Fcategories&post=182816"},{"taxonomy":"post_tag","embeddable":true,"href":"https:\/\/diarioregionaldigital.com.br\/index.php?rest_route=%2Fwp%2Fv2%2Ftags&post=182816"}],"curies":[{"name":"wp","href":"https:\/\/api.w.org\/{rel}","templated":true}]}}