{"id":182813,"date":"2021-05-21T18:54:25","date_gmt":"2021-05-21T21:54:25","guid":{"rendered":"https:\/\/diarioregionaldigital.com.br\/?p=182813"},"modified":"2021-05-21T18:54:25","modified_gmt":"2021-05-21T21:54:25","slug":"selecao-feminina-e-convocada-para-jogos-preparatorios-diante-da-russia-e-canada","status":"publish","type":"post","link":"https:\/\/diarioregionaldigital.com.br\/?p=182813","title":{"rendered":"Sele\u00e7\u00e3o Feminina \u00e9 convocada para jogos preparat\u00f3rios diante da R\u00fassia e Canad\u00e1"},"content":{"rendered":"<p>A t\u00e9cnica Pia Sundhage anunciou, nesta sexta-feira (21), a lista das 25 atletas convocadas para a sequ\u00eancia de dois jogos preparat\u00f3rios diante da R\u00fassia e do Canad\u00e1. Os compromissos da Sele\u00e7\u00e3o Feminina ser\u00e3o disputados no per\u00edodo de Data FIFA, entre os dias 07 a 15 de junho, em Cartagena, na Espanha. Assim como o Brasil, as canadenses est\u00e3o classificadas para os Jogos Ol\u00edmpicos de T\u00f3quio. A sele\u00e7\u00e3o russa, por sua vez, se prepara para a EURO 2022.<\/p>\n<p>A lista de Pia Sundhage conta com uma novidade, trata-se da a meia Angelina, do O.L Regin (Estados Unidos). A jogadora de 21 anos coleciona passagens pelas Sele\u00e7\u00f5es Femininas Sub-20 e Sub-17 e, pela primeira vez, recebe a convoca\u00e7\u00e3o para defender a equipe principal.<\/p>\n<p>A Sele\u00e7\u00e3o Feminina enfrentar\u00e1 a R\u00fassia no dia 11 de junho, \u00e0s 16h (Hor\u00e1rio de Bras\u00edlia), no Est\u00e1dio Cartagonova, em Cartagena (Espanha). Na sequ\u00eancia, a Canarinho encara o Canad\u00e1, no dia 14 de junho, no mesmo local e hor\u00e1rio. Essa \u00e9 a \u00faltima Data FIFA antes da disputa dos Jogos Ol\u00edmpicos de T\u00f3quio 2020.<\/p>\n<p>Esta ser\u00e1 a quarta convoca\u00e7\u00e3o feita por Pia Sundhage em 2021. Em janeiro, a Sele\u00e7\u00e3o Feminina participou do per\u00edodo de treinamentos em Viam\u00e3o, no Rio Grande do Sul. Dando sequ\u00eancia ao trabalho, em fevereiro, a Canarinho enfrentou as sele\u00e7\u00f5es da Argentina, Estados Unidos e Canad\u00e1 no Torneio She Belives, em Orlando, nos EUA. J\u00e1 em abril, a t\u00e9cnica sueca promoveu um per\u00edodo de treinamentos na Granja Comary, em Teres\u00f3polis.<\/p>\n<p>Confira a lista de convocadas:<\/p>\n<p>Goleiras:<\/p>\n<p>Aline Reis &#8211; UD Granadilla Tenerife (Espanha)<br \/>\nB\u00e1rbara &#8211; Ava\u00ed\/Kindermann<br \/>\nLet\u00edcia &#8211; Benfica (Portugal)<\/p>\n<p>Defensoras:<\/p>\n<p>Rafaelle &#8211; Palmeiras<br \/>\nBruna Benites &#8211; Internacional<br \/>\nErika &#8211; Corinthians<br \/>\nPoliana &#8211; Corinthians<br \/>\nLet\u00edcia Santos &#8211; Eintracht Frankfurt (Alemanha)<br \/>\nTamires &#8211; Corinthians<br \/>\nJucinara &#8211; Levante UD (Espanha)<br \/>\nGiovanna Crivelari &#8211; Corinthians<\/p>\n<p>Meio-campistas:<\/p>\n<p>Formiga &#8211; Paris Saint-Germain (Fran\u00e7a)<br \/>\nJulia Bianchi &#8211; Palmeiras<br \/>\nAndressinha &#8211; Corinthians<br \/>\nAngelina &#8211; O.L Reign (Estados Unidos)<br \/>\nDuda &#8211; S\u00e3o Paulo<br \/>\nAdriana &#8211; Corinthians<br \/>\nAry Borges &#8211; Palmeiras<br \/>\nMarta &#8211; Orlando Pride (Estados Unidos)<\/p>\n<p>Atacantes:<\/p>\n<p>Bia Zaneratto &#8211; Palmeiras<br \/>\nAndressa Alves &#8211; Roma (It\u00e1lia)<br \/>\nGeyse &#8211; Madrid CFF (Espanha)<br \/>\nLudmila &#8211; Atl\u00e9tico de Madrid (Espanha)<br \/>\nDebinha &#8211; North Carolina Courage (Estados Unidos)<br \/>\nGiovana &#8211; Barcelona (Espanha)<\/p>\n<p>Fonte: CBF<\/p>\n","protected":false},"excerpt":{"rendered":"<p>A t\u00e9cnica Pia Sundhage anunciou, nesta sexta-feira (21), a lista das 25 atletas convocadas para a sequ\u00eancia de dois jogos preparat\u00f3rios diante da R\u00fassia e do Canad\u00e1. Os compromissos da Sele\u00e7\u00e3o Feminina ser\u00e3o disputados no per\u00edodo de Data FIFA, entre os dias 07 a 15 de junho, em Cartagena, na Espanha. Assim como o Brasil, [&hellip;]<\/p>\n","protected":false},"author":246,"featured_media":182814,"comment_status":"closed","ping_status":"closed","sticky":false,"template":"","format":"standard","meta":{"footnotes":""},"categories":[257,439],"tags":[],"class_list":["post-182813","post","type-post","status-publish","format-standard","has-post-thumbnail","hentry","category-esporte","category-ultima-hora"],"_links":{"self":[{"href":"https:\/\/diarioregionaldigital.com.br\/index.php?rest_route=\/wp\/v2\/posts\/182813","targetHints":{"allow":["GET"]}}],"collection":[{"href":"https:\/\/diarioregionaldigital.com.br\/index.php?rest_route=\/wp\/v2\/posts"}],"about":[{"href":"https:\/\/diarioregionaldigital.com.br\/index.php?rest_route=\/wp\/v2\/types\/post"}],"author":[{"embeddable":true,"href":"https:\/\/diarioregionaldigital.com.br\/index.php?rest_route=\/wp\/v2\/users\/246"}],"replies":[{"embeddable":true,"href":"https:\/\/diarioregionaldigital.com.br\/index.php?rest_route=%2Fwp%2Fv2%2Fcomments&post=182813"}],"version-history":[{"count":1,"href":"https:\/\/diarioregionaldigital.com.br\/index.php?rest_route=\/wp\/v2\/posts\/182813\/revisions"}],"predecessor-version":[{"id":182815,"href":"https:\/\/diarioregionaldigital.com.br\/index.php?rest_route=\/wp\/v2\/posts\/182813\/revisions\/182815"}],"wp:featuredmedia":[{"embeddable":true,"href":"https:\/\/diarioregionaldigital.com.br\/index.php?rest_route=\/wp\/v2\/media\/182814"}],"wp:attachment":[{"href":"https:\/\/diarioregionaldigital.com.br\/index.php?rest_route=%2Fwp%2Fv2%2Fmedia&parent=182813"}],"wp:term":[{"taxonomy":"category","embeddable":true,"href":"https:\/\/diarioregionaldigital.com.br\/index.php?rest_route=%2Fwp%2Fv2%2Fcategories&post=182813"},{"taxonomy":"post_tag","embeddable":true,"href":"https:\/\/diarioregionaldigital.com.br\/index.php?rest_route=%2Fwp%2Fv2%2Ftags&post=182813"}],"curies":[{"name":"wp","href":"https:\/\/api.w.org\/{rel}","templated":true}]}}