{"id":182809,"date":"2021-05-21T18:51:38","date_gmt":"2021-05-21T21:51:38","guid":{"rendered":"https:\/\/diarioregionaldigital.com.br\/?p=182809"},"modified":"2021-05-21T18:51:38","modified_gmt":"2021-05-21T21:51:38","slug":"zagueiro-felipe-esta-convocado-para-a-selecao-brasileira","status":"publish","type":"post","link":"https:\/\/diarioregionaldigital.com.br\/?p=182809","title":{"rendered":"Zagueiro Felipe est\u00e1 convocado para a Sele\u00e7\u00e3o Brasileira"},"content":{"rendered":"<p class=\"p1\">O t\u00e9cnico Tite convocou nesta sexta-feira (21) o zagueiro Felipe, do Atl\u00e9tico de Madrid (Espanha). Ele assume a posi\u00e7\u00e3o de Lucas Ver\u00edssimo, do Benfica (Portugal), desconvocado devido a les\u00e3o muscular na perna direita sofrida no \u00faltimo jogo de sua equipe, contra o Vit\u00f3ria de Guimar\u00e3es, na \u00faltima quarta-feira (19).<\/p>\n<p class=\"p1\">Como parte da din\u00e2mica de trabalho da Sele\u00e7\u00e3o, o caso foi acompanhado pelo m\u00e9dico Rodrigo Lasmar que, ap\u00f3s analisar as informa\u00e7\u00f5es enviadas pelo Benfica, confirmou a impossibilidade de recupera\u00e7\u00e3o de Lucas Ver\u00edssimo em tempo suficiente para o per\u00edodo de treinos na Granja Comary e posteriores partidas v\u00e1lidas pelas Eliminat\u00f3rias da Copa do Mundo Fifa Catar 2022.<\/p>\n<p class=\"p1\">A Sele\u00e7\u00e3o Brasileira inicia sua prepara\u00e7\u00e3o no pr\u00f3ximo dia 26 (quarta-feira). Ser\u00e3o sete dias de treinos na Granja Comary at\u00e9 a viagem a Porto Alegre no dia 02 de junho. Na capital ga\u00facha, a equipe comandada por Tite faz um treino no Beira-Rio no dia 03 antes do jogo contra o Equador, dia 04. Quatro dias depois o jogo ser\u00e1 contra o Paraguai em Assun\u00e7\u00e3o, no Est\u00e1dio Defensores Del Chaco.<\/p>\n<p class=\"p1\">O Brasil \u00e9 l\u00edder das Eliminat\u00f3rias com 12 pontos conquistados. S\u00e3o quatro vit\u00f3rias em quatro partidas com 12 gols marcados<\/p>\n<p>Fonte: CBF<\/p>\n","protected":false},"excerpt":{"rendered":"<p>O t\u00e9cnico Tite convocou nesta sexta-feira (21) o zagueiro Felipe, do Atl\u00e9tico de Madrid (Espanha). Ele assume a posi\u00e7\u00e3o de Lucas Ver\u00edssimo, do Benfica (Portugal), desconvocado devido a les\u00e3o muscular na perna direita sofrida no \u00faltimo jogo de sua equipe, contra o Vit\u00f3ria de Guimar\u00e3es, na \u00faltima quarta-feira (19). Como parte da din\u00e2mica de trabalho [&hellip;]<\/p>\n","protected":false},"author":246,"featured_media":0,"comment_status":"closed","ping_status":"closed","sticky":false,"template":"","format":"standard","meta":{"footnotes":""},"categories":[257,439],"tags":[],"class_list":["post-182809","post","type-post","status-publish","format-standard","hentry","category-esporte","category-ultima-hora"],"_links":{"self":[{"href":"https:\/\/diarioregionaldigital.com.br\/index.php?rest_route=\/wp\/v2\/posts\/182809","targetHints":{"allow":["GET"]}}],"collection":[{"href":"https:\/\/diarioregionaldigital.com.br\/index.php?rest_route=\/wp\/v2\/posts"}],"about":[{"href":"https:\/\/diarioregionaldigital.com.br\/index.php?rest_route=\/wp\/v2\/types\/post"}],"author":[{"embeddable":true,"href":"https:\/\/diarioregionaldigital.com.br\/index.php?rest_route=\/wp\/v2\/users\/246"}],"replies":[{"embeddable":true,"href":"https:\/\/diarioregionaldigital.com.br\/index.php?rest_route=%2Fwp%2Fv2%2Fcomments&post=182809"}],"version-history":[{"count":2,"href":"https:\/\/diarioregionaldigital.com.br\/index.php?rest_route=\/wp\/v2\/posts\/182809\/revisions"}],"predecessor-version":[{"id":182812,"href":"https:\/\/diarioregionaldigital.com.br\/index.php?rest_route=\/wp\/v2\/posts\/182809\/revisions\/182812"}],"wp:attachment":[{"href":"https:\/\/diarioregionaldigital.com.br\/index.php?rest_route=%2Fwp%2Fv2%2Fmedia&parent=182809"}],"wp:term":[{"taxonomy":"category","embeddable":true,"href":"https:\/\/diarioregionaldigital.com.br\/index.php?rest_route=%2Fwp%2Fv2%2Fcategories&post=182809"},{"taxonomy":"post_tag","embeddable":true,"href":"https:\/\/diarioregionaldigital.com.br\/index.php?rest_route=%2Fwp%2Fv2%2Ftags&post=182809"}],"curies":[{"name":"wp","href":"https:\/\/api.w.org\/{rel}","templated":true}]}}