{"id":182806,"date":"2021-05-21T18:42:34","date_gmt":"2021-05-21T21:42:34","guid":{"rendered":"https:\/\/diarioregionaldigital.com.br\/?p=182806"},"modified":"2021-05-21T18:42:34","modified_gmt":"2021-05-21T21:42:34","slug":"governo-disponibiliza-mais-de-120-mil-medicamentos-do-kit-intubacao-para-127-hospitais","status":"publish","type":"post","link":"https:\/\/diarioregionaldigital.com.br\/?p=182806","title":{"rendered":"Governo disponibiliza mais de 120 mil medicamentos do kit intuba\u00e7\u00e3o para 127 hospitais"},"content":{"rendered":"<p>A\u00a0<a href=\"http:\/\/www.saude.mg.gov.br\/\" target=\"_blank\" rel=\"noopener\">Secretaria de Estado de Sa\u00fade de Minas Gerais (SES-MG)<\/a>\u00a0disponibiliza, a partir desta sexta-feira (21\/5), para 127 unidades hospitalares, em 97 cidades, 120.135 unidades de fentanil, cisatrac\u00fario e atrac\u00fario. Os insumos s\u00e3o direcionados \u00e0s institui\u00e7\u00f5es que se encontram com n\u00edveis considerados cr\u00edticos de disponibilidade dos medicamentos.<\/p>\n<p>Os Itens s\u00e3o essenciais para a seda\u00e7\u00e3o dos pacientes em tratamento da covid-19, sendo que o fentanil foi adquirido pelo\u00a0<a href=\"http:\/\/www.mg.gov.br\/\" target=\"_blank\" rel=\"noopener\">Governo de Minas<\/a>\u00a0e, o cisatrac\u00fario e o atrac\u00fario,\u00a0pela Uni\u00e3o. O fentanil \u00e9 suficiente para uma cobertura de 15 dias e, os demais, para\u00a0tr\u00eas.<\/p>\n<p>Segundo o diretor de Medicamentos B\u00e1sicos da SES-MG, Jans Bastos Izidoro, a situa\u00e7\u00e3o dos estoques de sedativos no estado ainda \u00e9 cr\u00edtica, apesar de observadas\u00a0melhoras em rela\u00e7\u00e3o a cen\u00e1rios anteriores. \u201cA Secretaria alerta que o cen\u00e1rio ainda n\u00e3o \u00e9 confort\u00e1vel e todas as medidas de gest\u00e3o continuam a ser\u00a0 executadas\u201d, afirma.<\/p>\n<p><a href=\"http:\/\/www.agenciaminas.mg.gov.br\/ckeditor_assets\/attachments\/11123\/pauta_medicamentos_21_5_2021.xlsx\" target=\"_blank\" rel=\"noopener\">Clique aqui<\/a>\u00a0e confira a rela\u00e7\u00e3o das unidades hospitalares que receberam os medicamentos.<\/p>\n<p><strong>Monitoramento<\/strong><\/p>\n<p>A SES-MG, juntamente com o Conselho de Secretarias Municipais de Sa\u00fade de Minas Gerais (Cosems-MG), faz um levantamento peri\u00f3dico dos quantitativos dos prestadores e fornecedores de medicamentos e insumos das unidades hospitalares. Tamb\u00e9m \u00e9 monitorado o abastecimento de medicamentos nas redes p\u00fablicas e privadas de assist\u00eancia m\u00e9dico-hospitalar, que devem informar regularmente \u00e0 SES-MG sobre estoques dispon\u00edveis de medicamentos e insumos.<\/p>\n<p>O monitoramento \u00e9 feito a partir da autodeclara\u00e7\u00e3o e preenchimento de formul\u00e1rio. Assim que cada remessa chega ao estado, o resultado do monitoramento semanal \u00e9 analisado para distribui\u00e7\u00e3o aos hospitais em situa\u00e7\u00e3o mais cr\u00edtica e conforme disponibilidade do estoque. A sugest\u00e3o de distribui\u00e7\u00e3o \u00e9 validada junto a uma comiss\u00e3o da SES-MG e do Cosems-MG.<\/p>\n<p><strong>Cen\u00e1rio<\/strong><\/p>\n<p>Em Minas Gerais, nesta sexta-feira (21\/5), n\u00e3o h\u00e1 registro de falta persistente de medicamentos para o kit intuba\u00e7\u00e3o nas regi\u00f5es de sa\u00fade, e que gere preju\u00edzo \u00e0 assist\u00eancia.<\/p>\n<p>\u201c\u00c9 importante ressaltar que os estoques s\u00e3o muito din\u00e2micos, e a rede assistencial do Estado tem conseguido atender \u00e0 demanda. Apesar de estoques restritos em muitas unidades, n\u00e3o h\u00e1 colapso instalado registrado em nenhuma\u201d, pontua o diretor. Tal cen\u00e1rio se d\u00e1 devido a algumas medidas tomadas pela SES-MG, como a distribui\u00e7\u00e3o &#8211; entre 7\/7\/2020 e 17\/5\/2021 &#8211; de mais de 997 mil medicamentos para os hospitais em atendimento \u00e0 covid-19.<\/p>\n<p>A partir do monitoramento, o Governo de Minas Gerais tem realizado a reposi\u00e7\u00e3o de medicamentos de forma estrat\u00e9gica, mediante an\u00e1lise de dados, como fluxo de pacientes e disponibilidade de sedativos. Os\u00a0hospitais tamb\u00e9m t\u00eam contato com a Rede Solid\u00e1ria, que permite o remanejamento de insumos entre as institui\u00e7\u00f5es que observam aumento no consumo de sedativos.<\/p>\n<p><strong>Confira a rela\u00e7\u00e3o de medicamentos:<\/strong><\/p>\n<p>Cisatrac\u00fario &#8211; 1.360<\/p>\n<p>Fentanil &#8211; 95.250<\/p>\n<p>Atrac\u00fario: 23.525<\/p>\n<p><strong>Total: 120.135<\/p>\n<p><span style=\"font-weight: 400;\">Fonte: Ag\u00eancia Minas <\/span><\/strong><\/p>\n","protected":false},"excerpt":{"rendered":"<p>A\u00a0Secretaria de Estado de Sa\u00fade de Minas Gerais (SES-MG)\u00a0disponibiliza, a partir desta sexta-feira (21\/5), para 127 unidades hospitalares, em 97 cidades, 120.135 unidades de fentanil, cisatrac\u00fario e atrac\u00fario. Os insumos s\u00e3o direcionados \u00e0s institui\u00e7\u00f5es que se encontram com n\u00edveis considerados cr\u00edticos de disponibilidade dos medicamentos. Os Itens s\u00e3o essenciais para a seda\u00e7\u00e3o dos pacientes em [&hellip;]<\/p>\n","protected":false},"author":246,"featured_media":182807,"comment_status":"closed","ping_status":"closed","sticky":false,"template":"","format":"standard","meta":{"footnotes":""},"categories":[436,254,439],"tags":[],"class_list":["post-182806","post","type-post","status-publish","format-standard","has-post-thumbnail","hentry","category-destaque-da-semana","category-politica","category-ultima-hora"],"_links":{"self":[{"href":"https:\/\/diarioregionaldigital.com.br\/index.php?rest_route=\/wp\/v2\/posts\/182806","targetHints":{"allow":["GET"]}}],"collection":[{"href":"https:\/\/diarioregionaldigital.com.br\/index.php?rest_route=\/wp\/v2\/posts"}],"about":[{"href":"https:\/\/diarioregionaldigital.com.br\/index.php?rest_route=\/wp\/v2\/types\/post"}],"author":[{"embeddable":true,"href":"https:\/\/diarioregionaldigital.com.br\/index.php?rest_route=\/wp\/v2\/users\/246"}],"replies":[{"embeddable":true,"href":"https:\/\/diarioregionaldigital.com.br\/index.php?rest_route=%2Fwp%2Fv2%2Fcomments&post=182806"}],"version-history":[{"count":1,"href":"https:\/\/diarioregionaldigital.com.br\/index.php?rest_route=\/wp\/v2\/posts\/182806\/revisions"}],"predecessor-version":[{"id":182808,"href":"https:\/\/diarioregionaldigital.com.br\/index.php?rest_route=\/wp\/v2\/posts\/182806\/revisions\/182808"}],"wp:featuredmedia":[{"embeddable":true,"href":"https:\/\/diarioregionaldigital.com.br\/index.php?rest_route=\/wp\/v2\/media\/182807"}],"wp:attachment":[{"href":"https:\/\/diarioregionaldigital.com.br\/index.php?rest_route=%2Fwp%2Fv2%2Fmedia&parent=182806"}],"wp:term":[{"taxonomy":"category","embeddable":true,"href":"https:\/\/diarioregionaldigital.com.br\/index.php?rest_route=%2Fwp%2Fv2%2Fcategories&post=182806"},{"taxonomy":"post_tag","embeddable":true,"href":"https:\/\/diarioregionaldigital.com.br\/index.php?rest_route=%2Fwp%2Fv2%2Ftags&post=182806"}],"curies":[{"name":"wp","href":"https:\/\/api.w.org\/{rel}","templated":true}]}}