{"id":182795,"date":"2021-05-21T18:28:44","date_gmt":"2021-05-21T21:28:44","guid":{"rendered":"https:\/\/diarioregionaldigital.com.br\/?p=182795"},"modified":"2021-05-21T18:28:44","modified_gmt":"2021-05-21T21:28:44","slug":"indicador-economico-da-america-latina-avanca-para-812-pontos","status":"publish","type":"post","link":"https:\/\/diarioregionaldigital.com.br\/?p=182795","title":{"rendered":"Indicador Econ\u00f4mico da Am\u00e9rica Latina avan\u00e7a para 81,2 pontos"},"content":{"rendered":"<p>O Indicador de Clima Econ\u00f4mico (ICE) da Am\u00e9rica Latina, divulgado hoje (21) pelo Instituto Brasileiro de Economia da Funda\u00e7\u00e3o Getulio Vargas (Ibre\/FGV), avan\u00e7ou de 70,5 pontos para 81,2 pontos do primeiro para o segundo trimestre deste ano. \u00c9 a quarta alta seguida no indicador, que segue sob forte influ\u00eancia da pandemia da covid-19 em todos os pa\u00edses pesquisados.<\/p>\n<p>Segundo o Ibre, os dois componentes do ICE, que s\u00e3o o Indicador da Situa\u00e7\u00e3o Atual (ISA) e o Indicador de Expectativas (IE), apontam sinais opostos, de acordo com o horizonte temporal analisado. \u201cEnquanto as expectativas em rela\u00e7\u00e3o aos pr\u00f3ximos meses s\u00e3o otimistas, a percep\u00e7\u00e3o em rela\u00e7\u00e3o \u00e0 situa\u00e7\u00e3o atual \u00e9 ainda bem desfavor\u00e1vel\u201d, avalia o instituto.<\/p>\n<p>Apesar da alta de 10,7 pontos, o ICE da Am\u00e9rica Latina continua na zona desfavor\u00e1vel do ciclo econ\u00f4mico. O ISA subiu 8,8 pontos, o que representa uma varia\u00e7\u00e3o de 45,4% no trimestre, ficando em 28,2 pontos, n\u00edvel considerado extremamente baixo. O indicador est\u00e1 na zona desfavor\u00e1vel, ou seja, abaixo dos 100 pontos, desde julho de 2012.<\/p>\n<p>J\u00e1 o IE passou de 143,6 pontos para 156 pontos. Desde julho de 2016, o indicador est\u00e1 na zona favor\u00e1vel, com exce\u00e7\u00e3o do segundo trimestre de 2020, \u00e1pice da crise sanit\u00e1ria da covid-19. As influ\u00eancias positivas na revis\u00e3o do crescimento econ\u00f4mico para 2021 na maioria dos pa\u00edses da regi\u00e3o foram a melhora da demanda mundial e o aumento do pre\u00e7o das commodities.<\/p>\n<p><strong>Pa\u00edses<br \/>\n<\/strong><br \/>\nO Ibre acompanha o clima econ\u00f4mico nas dez maiores economias da Am\u00e9rica Latina. Do primeiro para o segundo trimestre de 2021, a Col\u00f4mbia registrou a maior varia\u00e7\u00e3o positiva no ICE, com 22,5 pontos, e ficou com o terceiro maior ICE no segundo trimestre, alcan\u00e7ando 92 pontos, atr\u00e1s do Paraguai (100) e do Chile (94,4).<\/p>\n<p>A Bol\u00edvia e o M\u00e9xico tamb\u00e9m apresentaram melhora em tr\u00eas indicadores, com varia\u00e7\u00e3o de 15,9 pontos e 11,6 pontos no ICE, respectivamente. O Peru registrou a segunda maior varia\u00e7\u00e3o positiva no ICE (19,9), mas as expectativas registraram um pequeno recuo de 2,9 pontos.<\/p>\n<p>O Brasil e o Equador melhoram o clima econ\u00f4mico puxados pelo aumento do IE, com varia\u00e7\u00e3o positiva no ICE de 9,9 pontos e 7,1 postos, respectivamente. No Brasil, o ISA recuou 7,4 pontos e ficou com o quarto pior da regi\u00e3o (17,6 pontos), pr\u00f3ximo ao da Argentina (16,7 pontos) e acima do Equador e Uruguai (zero ponto).<\/p>\n<p>No Chile, o ICE ficou praticamente est\u00e1vel, com recuo de 1,4 ponto. A Argentina, o Uruguai e o Paraguai tiveram quedas acima de 10 pontos no trimestre. Na Argentina, o IE caiu 57,7 pontos, levando o pa\u00eds a passar de um cen\u00e1rio favor\u00e1vel para desfavor\u00e1vel. O Paraguai registrou a maior queda do ICE, com perda de 22,2 pontos, mas permanece como o \u00fanico pa\u00eds da regi\u00e3o com o ICE na zona favor\u00e1vel, ainda que lim\u00edtrofe em 100 pontos.<\/p>\n<p><strong>PIB<br \/>\n<\/strong><br \/>\nAs previs\u00f5es de crescimento do Produto Interno Bruto (PIB, soma dos bens e dos servi\u00e7os produzidos no pa\u00eds) para 2021 dos especialistas consultados apontam melhora de 3,7% para 4,3% para a Am\u00e9rica Latina. Na an\u00e1lise por pa\u00eds, apenas o Peru de 8,4% para 7,9% e o Uruguai de 3% para 2,2%, apresentaram piora no segundo trimestre. O Brasil ficou com a previs\u00e3o est\u00e1vel em 3% e o Paraguai em 3,9%. Os demais pa\u00edses tiveram previs\u00e3o de aumento.<\/p>\n<p>Entre os problemas mais citados pelos especialistas dos pa\u00edses est\u00e3o a pandemia da covid-19, seguida da falta de confian\u00e7a na pol\u00edtica econ\u00f4mica e falta de inova\u00e7\u00e3o. Tamb\u00e9m tiveram valores acima de 80 pontos, ou seja, foram citados por mais de 80% dos consultados, a infraestrutura inadequada, a aplica\u00e7\u00e3o da vacina contra a covid-19 ser mais lenta do que o esperado, o aumento da desigualdade de renda, a demanda insuficiente e a corrup\u00e7\u00e3o.<br \/>\n<span style=\"font-weight: 400;\"><br \/>\n<\/span><span style=\"font-weight: 400;\"><br \/>\n<\/span><span style=\"font-weight: 400;\">Fonte: Ag\u00eancia Brasil <\/span><\/p>\n","protected":false},"excerpt":{"rendered":"<p>O Indicador de Clima Econ\u00f4mico (ICE) da Am\u00e9rica Latina, divulgado hoje (21) pelo Instituto Brasileiro de Economia da Funda\u00e7\u00e3o Getulio Vargas (Ibre\/FGV), avan\u00e7ou de 70,5 pontos para 81,2 pontos do primeiro para o segundo trimestre deste ano. \u00c9 a quarta alta seguida no indicador, que segue sob forte influ\u00eancia da pandemia da covid-19 em todos [&hellip;]<\/p>\n","protected":false},"author":246,"featured_media":182796,"comment_status":"closed","ping_status":"closed","sticky":false,"template":"","format":"standard","meta":{"footnotes":""},"categories":[440,261,439],"tags":[],"class_list":["post-182795","post","type-post","status-publish","format-standard","has-post-thumbnail","hentry","category-destaques-do-dia","category-economia","category-ultima-hora"],"_links":{"self":[{"href":"https:\/\/diarioregionaldigital.com.br\/index.php?rest_route=\/wp\/v2\/posts\/182795","targetHints":{"allow":["GET"]}}],"collection":[{"href":"https:\/\/diarioregionaldigital.com.br\/index.php?rest_route=\/wp\/v2\/posts"}],"about":[{"href":"https:\/\/diarioregionaldigital.com.br\/index.php?rest_route=\/wp\/v2\/types\/post"}],"author":[{"embeddable":true,"href":"https:\/\/diarioregionaldigital.com.br\/index.php?rest_route=\/wp\/v2\/users\/246"}],"replies":[{"embeddable":true,"href":"https:\/\/diarioregionaldigital.com.br\/index.php?rest_route=%2Fwp%2Fv2%2Fcomments&post=182795"}],"version-history":[{"count":2,"href":"https:\/\/diarioregionaldigital.com.br\/index.php?rest_route=\/wp\/v2\/posts\/182795\/revisions"}],"predecessor-version":[{"id":182798,"href":"https:\/\/diarioregionaldigital.com.br\/index.php?rest_route=\/wp\/v2\/posts\/182795\/revisions\/182798"}],"wp:featuredmedia":[{"embeddable":true,"href":"https:\/\/diarioregionaldigital.com.br\/index.php?rest_route=\/wp\/v2\/media\/182796"}],"wp:attachment":[{"href":"https:\/\/diarioregionaldigital.com.br\/index.php?rest_route=%2Fwp%2Fv2%2Fmedia&parent=182795"}],"wp:term":[{"taxonomy":"category","embeddable":true,"href":"https:\/\/diarioregionaldigital.com.br\/index.php?rest_route=%2Fwp%2Fv2%2Fcategories&post=182795"},{"taxonomy":"post_tag","embeddable":true,"href":"https:\/\/diarioregionaldigital.com.br\/index.php?rest_route=%2Fwp%2Fv2%2Ftags&post=182795"}],"curies":[{"name":"wp","href":"https:\/\/api.w.org\/{rel}","templated":true}]}}