{"id":182780,"date":"2021-05-21T06:00:48","date_gmt":"2021-05-21T09:00:48","guid":{"rendered":"https:\/\/diarioregionaldigital.com.br\/?p=182780"},"modified":"2021-05-21T00:01:44","modified_gmt":"2021-05-21T03:01:44","slug":"parlamento-jovem","status":"publish","type":"post","link":"https:\/\/diarioregionaldigital.com.br\/?p=182780","title":{"rendered":"Parlamento Jovem"},"content":{"rendered":"<p style=\"text-align: center;\"><strong>Aumenta o Som<\/strong><\/p>\n<p style=\"text-align: center;\">Em plena pandemia o Encontro B\u00fazios Love acontece presencial com protocolos de seguran\u00e7a no Rio de Janeiro. J\u00e1 que esta liberando tudo libera a vacina!!!<\/p>\n<p style=\"text-align: center;\"><strong>Arrepiados <\/strong><\/p>\n<p style=\"text-align: center;\">A equipe econ\u00f4mica j\u00e1 estima que em junho a infla\u00e7\u00e3o atualizada j\u00e1 vai superar 8%, mais do que o dobro do centro da meta de infla\u00e7\u00e3o deste ano.<\/p>\n<p style=\"text-align: center;\"><strong>Parlamento Jovem<\/strong><\/p>\n<p style=\"text-align: center;\">A C\u00e2mara Municipal de Juiz de Fora foi sede do lan\u00e7amento virtual do Parlamento Jovem, Programa da Assembleia Legislativa em parceria com C\u00e2mara Municipal e a PUC-Minas.<\/p>\n<p style=\"text-align: center;\"><strong>Aplausos<\/strong><\/p>\n<p style=\"text-align: center;\">Digno de elogios, o mesatenista paralimpico Alexandre Ank foi homenageado pela 4\u00aa Brigada pela s\u00e9rie de palestras que vem realizando sobre o poder transformado do esporte.<\/p>\n<p style=\"text-align: center;\"><strong>Sapatilhas<\/strong><\/p>\n<p style=\"text-align: center;\">Em ritmo de dois pra l\u00e1 e dois pra c\u00e1 as principais companhias de dan\u00e7a do pa\u00eds voltam a ensaiar presencialmente com protocolos e, para diminuir riscos, investem em solos de duos. Com seus pontos de equil\u00edbrio, bailarinos da Companhia de Dan\u00e7a D\u00e9bora Colker, preparam o in\u00e9dito espet\u00e1culo \u201cCura\u201d.<\/p>\n<div id=\"attachment_182758\" style=\"width: 690px\" class=\"wp-caption aligncenter\"><img loading=\"lazy\" decoding=\"async\" aria-describedby=\"caption-attachment-182758\" class=\"wp-image-182758\" src=\"https:\/\/diarioregionaldigital.com.br\/wp-content\/uploads\/2021\/05\/fotoa-1-e1621565464495.jpeg\" alt=\"\" width=\"680\" height=\"504\" srcset=\"https:\/\/diarioregionaldigital.com.br\/wp-content\/uploads\/2021\/05\/fotoa-1-e1621565464495.jpeg 587w, https:\/\/diarioregionaldigital.com.br\/wp-content\/uploads\/2021\/05\/fotoa-1-e1621565464495-300x222.jpeg 300w, https:\/\/diarioregionaldigital.com.br\/wp-content\/uploads\/2021\/05\/fotoa-1-e1621565464495-360x267.jpeg 360w\" sizes=\"auto, (max-width: 680px) 100vw, 680px\" \/><p id=\"caption-attachment-182758\" class=\"wp-caption-text\">Aniversariante no s\u00e1bado (22), a elegante propriet\u00e1ria da By Candy, Nayane Neto<\/p><\/div>\n<div id=\"attachment_182759\" style=\"width: 690px\" class=\"wp-caption aligncenter\"><img loading=\"lazy\" decoding=\"async\" aria-describedby=\"caption-attachment-182759\" class=\"wp-image-182759\" src=\"https:\/\/diarioregionaldigital.com.br\/wp-content\/uploads\/2021\/05\/fotoaa-2-e1621565486724.jpeg\" alt=\"\" width=\"680\" height=\"488\" srcset=\"https:\/\/diarioregionaldigital.com.br\/wp-content\/uploads\/2021\/05\/fotoaa-2-e1621565486724.jpeg 619w, https:\/\/diarioregionaldigital.com.br\/wp-content\/uploads\/2021\/05\/fotoaa-2-e1621565486724-300x215.jpeg 300w, https:\/\/diarioregionaldigital.com.br\/wp-content\/uploads\/2021\/05\/fotoaa-2-e1621565486724-360x258.jpeg 360w\" sizes=\"auto, (max-width: 680px) 100vw, 680px\" \/><p id=\"caption-attachment-182759\" class=\"wp-caption-text\">Comemorando Bodas de Pedras Preciosas (32 anos), o casal Kamila Martins Medeiros e Edson de Souza Medeiros<\/p><\/div>\n<div id=\"attachment_182761\" style=\"width: 690px\" class=\"wp-caption aligncenter\"><img loading=\"lazy\" decoding=\"async\" aria-describedby=\"caption-attachment-182761\" class=\"wp-image-182761\" src=\"https:\/\/diarioregionaldigital.com.br\/wp-content\/uploads\/2021\/05\/fotob-12-e1621565542226.jpg\" alt=\"\" width=\"680\" height=\"488\" srcset=\"https:\/\/diarioregionaldigital.com.br\/wp-content\/uploads\/2021\/05\/fotob-12-e1621565542226.jpg 2048w, https:\/\/diarioregionaldigital.com.br\/wp-content\/uploads\/2021\/05\/fotob-12-e1621565542226-300x215.jpg 300w, https:\/\/diarioregionaldigital.com.br\/wp-content\/uploads\/2021\/05\/fotob-12-e1621565542226-1024x735.jpg 1024w, https:\/\/diarioregionaldigital.com.br\/wp-content\/uploads\/2021\/05\/fotob-12-e1621565542226-768x551.jpg 768w, https:\/\/diarioregionaldigital.com.br\/wp-content\/uploads\/2021\/05\/fotob-12-e1621565542226-1536x1102.jpg 1536w, https:\/\/diarioregionaldigital.com.br\/wp-content\/uploads\/2021\/05\/fotob-12-e1621565542226-360x258.jpg 360w\" sizes=\"auto, (max-width: 680px) 100vw, 680px\" \/><p id=\"caption-attachment-182761\" class=\"wp-caption-text\">A lindeza Lenise Pires Zotti, em expediente elegante na \u00d3ticas Juiz de Fora<\/p><\/div>\n<div id=\"attachment_182762\" style=\"width: 690px\" class=\"wp-caption aligncenter\"><img loading=\"lazy\" decoding=\"async\" aria-describedby=\"caption-attachment-182762\" class=\"wp-image-182762\" src=\"https:\/\/diarioregionaldigital.com.br\/wp-content\/uploads\/2021\/05\/fotobb-e1621565571532.png\" alt=\"\" width=\"680\" height=\"529\" srcset=\"https:\/\/diarioregionaldigital.com.br\/wp-content\/uploads\/2021\/05\/fotobb-e1621565571532.png 720w, https:\/\/diarioregionaldigital.com.br\/wp-content\/uploads\/2021\/05\/fotobb-e1621565571532-300x233.png 300w, https:\/\/diarioregionaldigital.com.br\/wp-content\/uploads\/2021\/05\/fotobb-e1621565571532-360x280.png 360w\" sizes=\"auto, (max-width: 680px) 100vw, 680px\" \/><p id=\"caption-attachment-182762\" class=\"wp-caption-text\">Comemorando idade nova no 6.0 o engenheiro Jos\u00e9 Eduardo Modesto posou com a 1\u00aa dama Eveline Toledo<\/p><\/div>\n<div id=\"attachment_182763\" style=\"width: 690px\" class=\"wp-caption aligncenter\"><img loading=\"lazy\" decoding=\"async\" aria-describedby=\"caption-attachment-182763\" class=\"wp-image-182763\" src=\"https:\/\/diarioregionaldigital.com.br\/wp-content\/uploads\/2021\/05\/fotoc-13-e1621565600114.jpg\" alt=\"\" width=\"680\" height=\"501\" srcset=\"https:\/\/diarioregionaldigital.com.br\/wp-content\/uploads\/2021\/05\/fotoc-13-e1621565600114.jpg 523w, https:\/\/diarioregionaldigital.com.br\/wp-content\/uploads\/2021\/05\/fotoc-13-e1621565600114-300x221.jpg 300w, https:\/\/diarioregionaldigital.com.br\/wp-content\/uploads\/2021\/05\/fotoc-13-e1621565600114-360x265.jpg 360w\" sizes=\"auto, (max-width: 680px) 100vw, 680px\" \/><p id=\"caption-attachment-182763\" class=\"wp-caption-text\">No M\u00eas da M\u00e3es Sybele G\u00e1vio Juc\u00e1 recebe o carinho da filha Isabelle G\u00e1vio Juc\u00e1 e Mello<\/p><\/div>\n<div id=\"attachment_182764\" style=\"width: 690px\" class=\"wp-caption aligncenter\"><img loading=\"lazy\" decoding=\"async\" aria-describedby=\"caption-attachment-182764\" class=\"wp-image-182764\" src=\"https:\/\/diarioregionaldigital.com.br\/wp-content\/uploads\/2021\/05\/fotod-13-e1621565617985.jpg\" alt=\"\" width=\"680\" height=\"472\" srcset=\"https:\/\/diarioregionaldigital.com.br\/wp-content\/uploads\/2021\/05\/fotod-13-e1621565617985.jpg 653w, https:\/\/diarioregionaldigital.com.br\/wp-content\/uploads\/2021\/05\/fotod-13-e1621565617985-300x208.jpg 300w, https:\/\/diarioregionaldigital.com.br\/wp-content\/uploads\/2021\/05\/fotod-13-e1621565617985-360x250.jpg 360w, https:\/\/diarioregionaldigital.com.br\/wp-content\/uploads\/2021\/05\/fotod-13-e1621565617985-100x70.jpg 100w\" sizes=\"auto, (max-width: 680px) 100vw, 680px\" \/><p id=\"caption-attachment-182764\" class=\"wp-caption-text\">Aniversariante de destaque do m\u00eas a bel\u00edssima ex-Miss Brasil Gay Baby Mancini posou com o empres\u00e1rio M\u00e1rcio Marques<\/p><\/div>\n<div id=\"attachment_182765\" style=\"width: 690px\" class=\"wp-caption aligncenter\"><img loading=\"lazy\" decoding=\"async\" aria-describedby=\"caption-attachment-182765\" class=\"wp-image-182765\" src=\"https:\/\/diarioregionaldigital.com.br\/wp-content\/uploads\/2021\/05\/fotof-13-e1621565635976.jpg\" alt=\"\" width=\"680\" height=\"477\" srcset=\"https:\/\/diarioregionaldigital.com.br\/wp-content\/uploads\/2021\/05\/fotof-13-e1621565635976.jpg 486w, https:\/\/diarioregionaldigital.com.br\/wp-content\/uploads\/2021\/05\/fotof-13-e1621565635976-300x210.jpg 300w, https:\/\/diarioregionaldigital.com.br\/wp-content\/uploads\/2021\/05\/fotof-13-e1621565635976-360x253.jpg 360w, https:\/\/diarioregionaldigital.com.br\/wp-content\/uploads\/2021\/05\/fotof-13-e1621565635976-100x70.jpg 100w\" sizes=\"auto, (max-width: 680px) 100vw, 680px\" \/><p id=\"caption-attachment-182765\" class=\"wp-caption-text\">O bonit\u00e3o Thiago Guimar\u00e3es com modelo da Camisaria Dom<\/p><\/div>\n<div id=\"attachment_182766\" style=\"width: 690px\" class=\"wp-caption aligncenter\"><img loading=\"lazy\" decoding=\"async\" aria-describedby=\"caption-attachment-182766\" class=\"wp-image-182766\" src=\"https:\/\/diarioregionaldigital.com.br\/wp-content\/uploads\/2021\/05\/fotoh-7-e1621565662528.jpg\" alt=\"\" width=\"680\" height=\"629\" srcset=\"https:\/\/diarioregionaldigital.com.br\/wp-content\/uploads\/2021\/05\/fotoh-7-e1621565662528.jpg 1080w, https:\/\/diarioregionaldigital.com.br\/wp-content\/uploads\/2021\/05\/fotoh-7-e1621565662528-300x278.jpg 300w, https:\/\/diarioregionaldigital.com.br\/wp-content\/uploads\/2021\/05\/fotoh-7-e1621565662528-1024x947.jpg 1024w, https:\/\/diarioregionaldigital.com.br\/wp-content\/uploads\/2021\/05\/fotoh-7-e1621565662528-768x710.jpg 768w, https:\/\/diarioregionaldigital.com.br\/wp-content\/uploads\/2021\/05\/fotoh-7-e1621565662528-360x333.jpg 360w\" sizes=\"auto, (max-width: 680px) 100vw, 680px\" \/><p id=\"caption-attachment-182766\" class=\"wp-caption-text\">A linda fofolete Joyce C\u00e2ndido, em destaque especial<\/p><\/div>\n<div id=\"attachment_182760\" style=\"width: 690px\" class=\"wp-caption aligncenter\"><img loading=\"lazy\" decoding=\"async\" aria-describedby=\"caption-attachment-182760\" class=\"wp-image-182760\" src=\"https:\/\/diarioregionaldigital.com.br\/wp-content\/uploads\/2021\/05\/fotoaa-2-e1621565513893.jpg\" alt=\"\" width=\"680\" height=\"488\" srcset=\"https:\/\/diarioregionaldigital.com.br\/wp-content\/uploads\/2021\/05\/fotoaa-2-e1621565513893.jpg 886w, https:\/\/diarioregionaldigital.com.br\/wp-content\/uploads\/2021\/05\/fotoaa-2-e1621565513893-300x215.jpg 300w, https:\/\/diarioregionaldigital.com.br\/wp-content\/uploads\/2021\/05\/fotoaa-2-e1621565513893-768x551.jpg 768w, https:\/\/diarioregionaldigital.com.br\/wp-content\/uploads\/2021\/05\/fotoaa-2-e1621565513893-360x258.jpg 360w\" sizes=\"auto, (max-width: 680px) 100vw, 680px\" \/><p id=\"caption-attachment-182760\" class=\"wp-caption-text\">Homens campe\u00f5es na Souza Gomes Imoveis: Victor Souza Gomes (gerente), Hugo D\u2019Agosto (corretor), Leonardo Zacarias (construtor) e Kl\u00e9ber Lara (corretor vendedor)<\/p><\/div>\n<p style=\"text-align: center;\"><strong>FOTOSS\u00cdNTESE<\/strong><\/p>\n<p>Em plena onda vermelha, o Sindiclubes de Juiz de Fora aprova a flexibiliza\u00e7\u00e3o para retorno gradual das atividades. A PJF autorizou atividade f\u00edsica com 2 pessoas em quadra de clubes da cidade.<\/p>\n<p>A C\u00e2mara Municipal lan\u00e7ou a a\u00e7\u00e3o \u201cDe lar em lar\u201d, cuja meta \u00e9 a promo\u00e7\u00e3o de pol\u00edticas de aten\u00e7\u00e3o social e o terceiro setor de Juiz de Fora. Foi no Dia da Fraternidade Brasileira, comemorado em 13 de maio.<\/p>\n<p>Ap\u00f3s cancelamento de 78 mil t\u00edtulos, TRE convoca eleitores para regulariza\u00e7\u00e3o. Em raz\u00e3o da pandemia, o recadastramento, que era realizado na sede do Tribunal, esta sendo feito pelo site do TRE.<\/p>\n<p>A dobradinha Brasil &#8211; Caribe deu certo. A cidade de Bras\u00edlia (DF) ganhou a C\u00e2mara de Com\u00e9rcio Brasil &amp; Republica Dominicana, presidida pelo advogado e empreendedor Jo\u00e3o Paulo Todde.<\/p>\n<p>Depois do sucesso do almo\u00e7o do Dia das M\u00e3es, a El Toro e a Cantina do Bexiga j\u00e1 pensam no Dia dos Namorados.<\/p>\n<p>Com um belo livro inclusivo a escritora Luciane Fontes lan\u00e7ou, no YouTube a obra \u201cLupa M\u00e1gica\u201d, que trata quest\u00f5es de acessibilidade atrav\u00e9s de um menino com baixa vis\u00e3o.<\/p>\n<p>Conectada com a arquitetura moderna Moema Loures esta pilotando o curso de p\u00f3s-gradua\u00e7\u00e3o de arquitetura para a sa\u00fade da PUC-Rio.<\/p>\n<p>Reforma Intima: \u201cNada existe de permanente a n\u00e3o ser a mudan\u00e7a\u201d (Her\u00e1clito). Bom dia.<\/p>\n<p><img loading=\"lazy\" decoding=\"async\" class=\"aligncenter size-full wp-image-182769\" src=\"https:\/\/diarioregionaldigital.com.br\/wp-content\/uploads\/2021\/05\/anuncio61-1-scaled.jpg\" alt=\"\" width=\"2560\" height=\"973\" srcset=\"https:\/\/diarioregionaldigital.com.br\/wp-content\/uploads\/2021\/05\/anuncio61-1-scaled.jpg 2560w, https:\/\/diarioregionaldigital.com.br\/wp-content\/uploads\/2021\/05\/anuncio61-1-300x114.jpg 300w, https:\/\/diarioregionaldigital.com.br\/wp-content\/uploads\/2021\/05\/anuncio61-1-1024x389.jpg 1024w, https:\/\/diarioregionaldigital.com.br\/wp-content\/uploads\/2021\/05\/anuncio61-1-768x292.jpg 768w, https:\/\/diarioregionaldigital.com.br\/wp-content\/uploads\/2021\/05\/anuncio61-1-1536x584.jpg 1536w, https:\/\/diarioregionaldigital.com.br\/wp-content\/uploads\/2021\/05\/anuncio61-1-2048x778.jpg 2048w, https:\/\/diarioregionaldigital.com.br\/wp-content\/uploads\/2021\/05\/anuncio61-1-360x137.jpg 360w\" sizes=\"auto, (max-width: 2560px) 100vw, 2560px\" \/><\/p>\n","protected":false},"excerpt":{"rendered":"<p>Aumenta o Som Em plena pandemia o Encontro B\u00fazios Love acontece presencial com protocolos de seguran\u00e7a no Rio de Janeiro. J\u00e1 que esta liberando tudo libera a vacina!!! Arrepiados A equipe econ\u00f4mica j\u00e1 estima que em junho a infla\u00e7\u00e3o atualizada j\u00e1 vai superar 8%, mais do que o dobro do centro da meta de infla\u00e7\u00e3o [&hellip;]<\/p>\n","protected":false},"author":253,"featured_media":182782,"comment_status":"closed","ping_status":"closed","sticky":false,"template":"","format":"standard","meta":{"footnotes":""},"categories":[264],"tags":[],"class_list":["post-182780","post","type-post","status-publish","format-standard","has-post-thumbnail","hentry","category-eduardo-gomes"],"_links":{"self":[{"href":"https:\/\/diarioregionaldigital.com.br\/index.php?rest_route=\/wp\/v2\/posts\/182780","targetHints":{"allow":["GET"]}}],"collection":[{"href":"https:\/\/diarioregionaldigital.com.br\/index.php?rest_route=\/wp\/v2\/posts"}],"about":[{"href":"https:\/\/diarioregionaldigital.com.br\/index.php?rest_route=\/wp\/v2\/types\/post"}],"author":[{"embeddable":true,"href":"https:\/\/diarioregionaldigital.com.br\/index.php?rest_route=\/wp\/v2\/users\/253"}],"replies":[{"embeddable":true,"href":"https:\/\/diarioregionaldigital.com.br\/index.php?rest_route=%2Fwp%2Fv2%2Fcomments&post=182780"}],"version-history":[{"count":2,"href":"https:\/\/diarioregionaldigital.com.br\/index.php?rest_route=\/wp\/v2\/posts\/182780\/revisions"}],"predecessor-version":[{"id":182784,"href":"https:\/\/diarioregionaldigital.com.br\/index.php?rest_route=\/wp\/v2\/posts\/182780\/revisions\/182784"}],"wp:featuredmedia":[{"embeddable":true,"href":"https:\/\/diarioregionaldigital.com.br\/index.php?rest_route=\/wp\/v2\/media\/182782"}],"wp:attachment":[{"href":"https:\/\/diarioregionaldigital.com.br\/index.php?rest_route=%2Fwp%2Fv2%2Fmedia&parent=182780"}],"wp:term":[{"taxonomy":"category","embeddable":true,"href":"https:\/\/diarioregionaldigital.com.br\/index.php?rest_route=%2Fwp%2Fv2%2Fcategories&post=182780"},{"taxonomy":"post_tag","embeddable":true,"href":"https:\/\/diarioregionaldigital.com.br\/index.php?rest_route=%2Fwp%2Fv2%2Ftags&post=182780"}],"curies":[{"name":"wp","href":"https:\/\/api.w.org\/{rel}","templated":true}]}}