{"id":182771,"date":"2021-05-20T23:21:24","date_gmt":"2021-05-21T02:21:24","guid":{"rendered":"https:\/\/diarioregionaldigital.com.br\/?p=182771"},"modified":"2021-05-20T23:21:24","modified_gmt":"2021-05-21T02:21:24","slug":"minas-gerais-ultrapassa-a-marca-de-1-milhao-e-400-mil-notificacoes-por-covid-19-3","status":"publish","type":"post","link":"https:\/\/diarioregionaldigital.com.br\/?p=182771","title":{"rendered":"Minas Gerais ultrapassa a marca de 1 milh\u00e3o e 400 mil notifica\u00e7\u00f5es por Covid-19"},"content":{"rendered":"<p>A Secretaria de Estado da Sa\u00fade de Minas Gerais (SES-MG), publicou nesta quinta-feira (20), o novo <a href=\"https:\/\/coronavirus.saude.mg.gov.br\/images\/1_2021\/01-boletim\/05-maio\/20-05-COVID-19-BOLETIM20210520.pdf\">boletim<\/a> referente ao Coronav\u00edrus. O levantamento aponta que o estado notificou mais 9.330 novos casos da doen\u00e7a, totalizando 1.492.530 pessoas infectadas. Os dados indicam que foram registradas mais 295 mortes, contabilizando 38.222 \u00f3bitos.<\/p>\n<p>Al\u00e9m disso, 1.375.458 pacientes est\u00e3o recuperados da doen\u00e7a, representando 92,1 % dos casos. Quanto aos dados de hospitaliza\u00e7\u00e3o, 129.938 estiveram internados e 1.362.592 estiveram em isolamento domiciliar. At\u00e9 o momento, 4.389.288 pessoas receberam a primeira dose da vacina e 2.133.446 a segunda.<\/p>\n","protected":false},"excerpt":{"rendered":"<p>A Secretaria de Estado da Sa\u00fade de Minas Gerais (SES-MG), publicou nesta quinta-feira (20), o novo boletim referente ao Coronav\u00edrus. O levantamento aponta que o estado notificou mais 9.330 novos casos da doen\u00e7a, totalizando 1.492.530 pessoas infectadas. Os dados indicam que foram registradas mais 295 mortes, contabilizando 38.222 \u00f3bitos. Al\u00e9m disso, 1.375.458 pacientes est\u00e3o recuperados [&hellip;]<\/p>\n","protected":false},"author":246,"featured_media":182772,"comment_status":"closed","ping_status":"closed","sticky":false,"template":"","format":"standard","meta":{"footnotes":""},"categories":[252,439],"tags":[],"class_list":["post-182771","post","type-post","status-publish","format-standard","has-post-thumbnail","hentry","category-regiao","category-ultima-hora"],"_links":{"self":[{"href":"https:\/\/diarioregionaldigital.com.br\/index.php?rest_route=\/wp\/v2\/posts\/182771","targetHints":{"allow":["GET"]}}],"collection":[{"href":"https:\/\/diarioregionaldigital.com.br\/index.php?rest_route=\/wp\/v2\/posts"}],"about":[{"href":"https:\/\/diarioregionaldigital.com.br\/index.php?rest_route=\/wp\/v2\/types\/post"}],"author":[{"embeddable":true,"href":"https:\/\/diarioregionaldigital.com.br\/index.php?rest_route=\/wp\/v2\/users\/246"}],"replies":[{"embeddable":true,"href":"https:\/\/diarioregionaldigital.com.br\/index.php?rest_route=%2Fwp%2Fv2%2Fcomments&post=182771"}],"version-history":[{"count":1,"href":"https:\/\/diarioregionaldigital.com.br\/index.php?rest_route=\/wp\/v2\/posts\/182771\/revisions"}],"predecessor-version":[{"id":182773,"href":"https:\/\/diarioregionaldigital.com.br\/index.php?rest_route=\/wp\/v2\/posts\/182771\/revisions\/182773"}],"wp:featuredmedia":[{"embeddable":true,"href":"https:\/\/diarioregionaldigital.com.br\/index.php?rest_route=\/wp\/v2\/media\/182772"}],"wp:attachment":[{"href":"https:\/\/diarioregionaldigital.com.br\/index.php?rest_route=%2Fwp%2Fv2%2Fmedia&parent=182771"}],"wp:term":[{"taxonomy":"category","embeddable":true,"href":"https:\/\/diarioregionaldigital.com.br\/index.php?rest_route=%2Fwp%2Fv2%2Fcategories&post=182771"},{"taxonomy":"post_tag","embeddable":true,"href":"https:\/\/diarioregionaldigital.com.br\/index.php?rest_route=%2Fwp%2Fv2%2Ftags&post=182771"}],"curies":[{"name":"wp","href":"https:\/\/api.w.org\/{rel}","templated":true}]}}